{"id":198364,"date":"2021-09-08T16:10:48","date_gmt":"2021-09-08T20:10:48","guid":{"rendered":"https:\/\/santemc.quebec\/icentre\/?p=198364"},"modified":"2021-09-08T16:10:48","modified_gmt":"2021-09-08T20:10:48","slug":"covid-19-services-medicaux-de-premiere-ligne-en-contexte-de-pandemie","status":"publish","type":"post","link":"https:\/\/santemc.quebec\/icentre\/covid-19-services-medicaux-de-premiere-ligne-en-contexte-de-pandemie\/","title":{"rendered":"COVID-19 : Services m\u00e9dicaux de premi\u00e8re ligne en contexte de pand\u00e9mie"},"content":{"rendered":"<p><a href=\"https:\/\/santemc.quebec\/santemc\/icentre\/wp-content\/uploads\/2021\/09\/2021-09-08_CI_info-covid86_Services_medicaux_premiere_ligne_contexte_pandemie.pdf\" target=\"_blank\" rel=\"noopener\">Lire le communiqu\u00e9 interne<\/a><\/p>\n<p>&nbsp;<\/p>\n","protected":false},"excerpt":{"rendered":"<p>Lire le communiqu\u00e9 interne &nbsp;<\/p>\n","protected":false},"author":1,"featured_media":0,"comment_status":"open","ping_status":"closed","sticky":false,"template":"","format":"standard","meta":{"footnotes":""},"categories":[1],"tags":[],"_links":{"self":[{"href":"https:\/\/santemc.quebec\/icentre\/wp-json\/wp\/v2\/posts\/198364"}],"collection":[{"href":"https:\/\/santemc.quebec\/icentre\/wp-json\/wp\/v2\/posts"}],"about":[{"href":"https:\/\/santemc.quebec\/icentre\/wp-json\/wp\/v2\/types\/post"}],"author":[{"embeddable":true,"href":"https:\/\/santemc.quebec\/icentre\/wp-json\/wp\/v2\/users\/1"}],"replies":[{"embeddable":true,"href":"https:\/\/santemc.quebec\/icentre\/wp-json\/wp\/v2\/comments?post=198364"}],"version-history":[{"count":1,"href":"https:\/\/santemc.quebec\/icentre\/wp-json\/wp\/v2\/posts\/198364\/revisions"}],"predecessor-version":[{"id":198366,"href":"https:\/\/santemc.quebec\/icentre\/wp-json\/wp\/v2\/posts\/198364\/revisions\/198366"}],"wp:attachment":[{"href":"https:\/\/santemc.quebec\/icentre\/wp-json\/wp\/v2\/media?parent=198364"}],"wp:term":[{"taxonomy":"category","embeddable":true,"href":"https:\/\/santemc.quebec\/icentre\/wp-json\/wp\/v2\/categories?post=198364"},{"taxonomy":"post_tag","embeddable":true,"href":"https:\/\/santemc.quebec\/icentre\/wp-json\/wp\/v2\/tags?post=198364"}],"curies":[{"name":"wp","href":"https:\/\/api.w.org\/{rel}","templated":true}]}}