{"id":198429,"date":"2021-09-10T15:16:14","date_gmt":"2021-09-10T19:16:14","guid":{"rendered":"https:\/\/santemc.quebec\/icentre\/?p=198429"},"modified":"2021-09-10T15:16:14","modified_gmt":"2021-09-10T19:16:14","slug":"10-septembre-19e-journee-mondiale-de-la-prevention-du-suicide","status":"publish","type":"post","link":"https:\/\/santemc.quebec\/icentre\/10-septembre-19e-journee-mondiale-de-la-prevention-du-suicide\/","title":{"rendered":"10 septembre : 19e Journ\u00e9e mondiale de la pr\u00e9vention du suicide"},"content":{"rendered":"<p>&nbsp;<\/p>\n<p><img decoding=\"async\" loading=\"lazy\" class=\"aligncenter wp-image-198431\" src=\"https:\/\/santemc.quebec\/santemc\/icentre\/wp-content\/uploads\/2021\/09\/journee_prevention_suicide-300x72.jpg\" alt=\"\" width=\"450\" height=\"108\" srcset=\"https:\/\/santemc.quebec\/santemc\/icentre\/wp-content\/uploads\/2021\/09\/journee_prevention_suicide-300x72.jpg 300w, https:\/\/santemc.quebec\/santemc\/icentre\/wp-content\/uploads\/2021\/09\/journee_prevention_suicide-768x184.jpg 768w, https:\/\/santemc.quebec\/santemc\/icentre\/wp-content\/uploads\/2021\/09\/journee_prevention_suicide-500x120.jpg 500w, https:\/\/santemc.quebec\/santemc\/icentre\/wp-content\/uploads\/2021\/09\/journee_prevention_suicide.jpg 960w\" sizes=\"(max-width: 450px) 100vw, 450px\" \/><\/p>\n<p>La Journ\u00e9e mondiale de la pr\u00e9vention du suicide a pour but de sensibiliser toute la population \u00e0 l\u2019ampleur du probl\u00e8me et aux fa\u00e7ons de le pr\u00e9venir.<\/p>\n<p><!--more--><\/p>\n<p>L\u2019\u00e9dition de cette ann\u00e9e a pour th\u00e8me\u00a0: \u00ab\u2009Cr\u00e9er l\u2019espoir par l\u2019action\u2009\u00bb. Ce message vise \u00e0 donner aux gens la confiance n\u00e9cessaire pour s\u2019engager activement dans la pr\u00e9vention du suicide, car cet enjeu collectif n\u00e9cessite l\u2019engagement de chacun d\u2019entre nous.<\/p>\n<p>Pour en savoir plus sur les gestes de soutien que vous pouvez poser pour d\u00e9montrer votre appui \u00e0 la cause, nous vous invitons \u00e0 consulter le site de l\u2019Association qu\u00e9b\u00e9coise de la pr\u00e9vention du suicide : <a href=\"https:\/\/www.aqps.info\/journeemondiale\" target=\"_blank\" rel=\"noopener\">https:\/\/www.aqps.info\/journeemondiale<\/a><\/p>\n<p><strong>Vous avez besoin d\u2019aide?<\/strong><\/p>\n<p><strong>Que ce soit pour les usagers, leurs proches ou vous-m\u00eame :<\/strong><\/p>\n<ul>\n<li><strong>1\u00a0866 APPELLE<\/strong> <strong>(1\u00a0866\u00a0277-3553 \u2013 sans frais)<\/strong><\/li>\n<li><strong>Ligne Info-Social<\/strong> <strong>:\u00a08-1-1<\/strong><\/li>\n<li><strong>Centre de crise et de pr\u00e9vention du suicide du Haut-Richelieu\u2013<\/strong><strong>Rouville<br \/>\n<\/strong>Ligne d\u2019intervention : 450 348-6300 (24\/7)<br \/>\nSite Internet :\u00a0<a href=\"http:\/\/assisto.ca\/ressource\/centre-de-prevention-du-suicide-du-haut-richelieu\/\" target=\"_blank\" rel=\"noopener\">http:\/\/assisto.ca\/ressource\/centre-de-prevention-du-suicide-du-haut-richelieu\/<\/a><\/li>\n<li><strong>Centre de crise L\u2019Acc\u00e8s de Longueuil<br \/>\n<\/strong>Ligne d\u2019intervention : 450 679-8689<\/li>\n<\/ul>\n<p><strong>Vous \u00eates un employ\u00e9 du CISSS de la Mont\u00e9r\u00e9gie-Centre?<\/strong><strong><br \/>\n<\/strong><\/p>\n<ul>\n<li><strong>Ligne t\u00e9l\u00e9phonique Info-COVID<\/strong>\n<ul>\n<li>RLS de Champlain : 450 466-5000, poste 4484<\/li>\n<li>RLS du Haut-Richelieu\u2013Rouville : 450 359-5000, poste 4361<\/li>\n<\/ul>\n<\/li>\n<li><strong>\u00a0<\/strong><strong><em>\u00ab Comment \u00e7a va, vraiment? \u00bb<\/em><\/strong><strong>: des outils d\u2019aide \u00e0 votre disposition<\/strong><\/li>\n<\/ul>\n<p>Dans le contexte de pand\u00e9mie, le CISSSMC a d\u00e9velopp\u00e9, \u00e0 votre intention, la campagne\u00a0\u00ab Comment \u00e7a va, vraiment? \u00bb. Celle-ci renseigne sur les manifestions possibles du stress, de l\u2019anxi\u00e9t\u00e9 et de la d\u00e9prime, donne des trucs pour vous aider \u00e0 y faire face et sugg\u00e8re un \u00e9ventail de ressources disponibles pour vous soutenir. Tous les d\u00e9tails de cette campagne et plusieurs outils d\u2019aide sont disponibles sur le portail intranet dans l\u2019espace-employ\u00e9, \u00e0 la rubrique Pr\u00e9vention et mieux-\u00eatre au travail.<\/p>\n<p><a href=\"https:\/\/intranetcisssmc.rtss.qc.ca\/espace-employe\/prevention-et-mieux-etre-au-travail\/comment-ca-va-vraiment#c3189\" target=\"_blank\" rel=\"noopener\">https:\/\/intranetcisssmc.rtss.qc.ca<\/a><\/p>\n<ul>\n<li><strong>Programme d\u2019aide aux employ\u00e9s (PAE)\u00a0:\u00a0<\/strong>1 866 863-1486<\/li>\n<\/ul>\n<p><a href=\"https:\/\/santemc.quebec\/santemc\/icentre\/wp-content\/uploads\/2021\/09\/comment_ca_va_vraiment.jpg\"><img decoding=\"async\" loading=\"lazy\" class=\"size-medium wp-image-198432 aligncenter\" src=\"https:\/\/santemc.quebec\/santemc\/icentre\/wp-content\/uploads\/2021\/09\/comment_ca_va_vraiment-300x126.jpg\" alt=\"\" width=\"300\" height=\"126\" srcset=\"https:\/\/santemc.quebec\/santemc\/icentre\/wp-content\/uploads\/2021\/09\/comment_ca_va_vraiment-300x126.jpg 300w, https:\/\/santemc.quebec\/santemc\/icentre\/wp-content\/uploads\/2021\/09\/comment_ca_va_vraiment-500x211.jpg 500w, https:\/\/santemc.quebec\/santemc\/icentre\/wp-content\/uploads\/2021\/09\/comment_ca_va_vraiment.jpg 707w\" sizes=\"(max-width: 300px) 100vw, 300px\" \/><\/a><\/p>\n<p>&nbsp;<\/p>\n","protected":false},"excerpt":{"rendered":"<p>&nbsp; La Journ\u00e9e mondiale de la pr\u00e9vention du suicide a pour but de sensibiliser toute la population \u00e0 l\u2019ampleur du probl\u00e8me et aux fa\u00e7ons de le pr\u00e9venir.<\/p>\n","protected":false},"author":9,"featured_media":0,"comment_status":"open","ping_status":"closed","sticky":false,"template":"","format":"standard","meta":{"footnotes":""},"categories":[1],"tags":[],"_links":{"self":[{"href":"https:\/\/santemc.quebec\/icentre\/wp-json\/wp\/v2\/posts\/198429"}],"collection":[{"href":"https:\/\/santemc.quebec\/icentre\/wp-json\/wp\/v2\/posts"}],"about":[{"href":"https:\/\/santemc.quebec\/icentre\/wp-json\/wp\/v2\/types\/post"}],"author":[{"embeddable":true,"href":"https:\/\/santemc.quebec\/icentre\/wp-json\/wp\/v2\/users\/9"}],"replies":[{"embeddable":true,"href":"https:\/\/santemc.quebec\/icentre\/wp-json\/wp\/v2\/comments?post=198429"}],"version-history":[{"count":6,"href":"https:\/\/santemc.quebec\/icentre\/wp-json\/wp\/v2\/posts\/198429\/revisions"}],"predecessor-version":[{"id":198438,"href":"https:\/\/santemc.quebec\/icentre\/wp-json\/wp\/v2\/posts\/198429\/revisions\/198438"}],"wp:attachment":[{"href":"https:\/\/santemc.quebec\/icentre\/wp-json\/wp\/v2\/media?parent=198429"}],"wp:term":[{"taxonomy":"category","embeddable":true,"href":"https:\/\/santemc.quebec\/icentre\/wp-json\/wp\/v2\/categories?post=198429"},{"taxonomy":"post_tag","embeddable":true,"href":"https:\/\/santemc.quebec\/icentre\/wp-json\/wp\/v2\/tags?post=198429"}],"curies":[{"name":"wp","href":"https:\/\/api.w.org\/{rel}","templated":true}]}}