{"id":198564,"date":"2021-09-17T16:30:44","date_gmt":"2021-09-17T20:30:44","guid":{"rendered":"https:\/\/santemc.quebec\/icentre\/?p=198564"},"modified":"2021-09-17T16:30:31","modified_gmt":"2021-09-17T20:30:31","slug":"prochaines-dates-vaccination-contre-la-covid-19-dans-les-cafeterias-de-nos-hopitaux","status":"publish","type":"post","link":"https:\/\/santemc.quebec\/icentre\/prochaines-dates-vaccination-contre-la-covid-19-dans-les-cafeterias-de-nos-hopitaux\/","title":{"rendered":"Prochaines dates : Vaccination contre la COVID-19 dans les caf\u00e9t\u00e9rias de nos h\u00f4pitaux"},"content":{"rendered":"<p><a href=\"https:\/\/santemc.quebec\/santemc\/icentre\/wp-content\/uploads\/2021\/09\/2021-09-16_NS_prochaine-date_vaccination_cafeteria_hopitaux.pdf\" target=\"_blank\" rel=\"noopener\">Lire la note de service<\/a><\/p>\n<p>&nbsp;<\/p>\n","protected":false},"excerpt":{"rendered":"<p>Lire la note de service &nbsp;<\/p>\n","protected":false},"author":1,"featured_media":0,"comment_status":"open","ping_status":"closed","sticky":false,"template":"","format":"standard","meta":{"footnotes":""},"categories":[1],"tags":[],"_links":{"self":[{"href":"https:\/\/santemc.quebec\/icentre\/wp-json\/wp\/v2\/posts\/198564"}],"collection":[{"href":"https:\/\/santemc.quebec\/icentre\/wp-json\/wp\/v2\/posts"}],"about":[{"href":"https:\/\/santemc.quebec\/icentre\/wp-json\/wp\/v2\/types\/post"}],"author":[{"embeddable":true,"href":"https:\/\/santemc.quebec\/icentre\/wp-json\/wp\/v2\/users\/1"}],"replies":[{"embeddable":true,"href":"https:\/\/santemc.quebec\/icentre\/wp-json\/wp\/v2\/comments?post=198564"}],"version-history":[{"count":1,"href":"https:\/\/santemc.quebec\/icentre\/wp-json\/wp\/v2\/posts\/198564\/revisions"}],"predecessor-version":[{"id":198566,"href":"https:\/\/santemc.quebec\/icentre\/wp-json\/wp\/v2\/posts\/198564\/revisions\/198566"}],"wp:attachment":[{"href":"https:\/\/santemc.quebec\/icentre\/wp-json\/wp\/v2\/media?parent=198564"}],"wp:term":[{"taxonomy":"category","embeddable":true,"href":"https:\/\/santemc.quebec\/icentre\/wp-json\/wp\/v2\/categories?post=198564"},{"taxonomy":"post_tag","embeddable":true,"href":"https:\/\/santemc.quebec\/icentre\/wp-json\/wp\/v2\/tags?post=198564"}],"curies":[{"name":"wp","href":"https:\/\/api.w.org\/{rel}","templated":true}]}}