{"id":198570,"date":"2021-09-17T09:40:16","date_gmt":"2021-09-17T13:40:16","guid":{"rendered":"https:\/\/santemc.quebec\/icentre\/?p=198570"},"modified":"2021-09-17T09:40:29","modified_gmt":"2021-09-17T13:40:29","slug":"198570","status":"publish","type":"post","link":"https:\/\/santemc.quebec\/icentre\/198570\/","title":{"rendered":"D\u00e9ploiement du projet de d\u00e9monstration de d\u00e9pistage du cancer du poumon au CISSS de la Mont\u00e9r\u00e9gie-Centre"},"content":{"rendered":"<p>Lanc\u00e9 en juin dernier, le projet provincial de d\u00e9monstration de d\u00e9pistage du cancer du poumon vise \u00e0 d\u00e9pister de fa\u00e7on pr\u00e9coce les personnes\u00a0 pr\u00e9sentant un risque \u00e9lev\u00e9 de d\u00e9velopper un cancer du poumon et ainsi privil\u00e9gier une intervention rapide advenant un diagnostic positif. Il est d\u2019ailleurs d\u00e9montr\u00e9 que le taux de survie du cancer du poumon est nettement sup\u00e9rieur lorsque le d\u00e9pistage est effectu\u00e9 dans les premiers stades de la maladie. Ce projet a \u00e9galement pour objectif de sensibiliser les participants \u00e0 l\u2019importance de l\u2019arr\u00eat tabagique en leur offrant les ressources n\u00e9cessaires pour cesser de fumer.<!--more--><\/p>\n<p>Faisant partie des huit \u00e9tablissements d\u00e9sign\u00e9s au Qu\u00e9bec pour effectuer les examens de d\u00e9pistage, le CISSS de la Mont\u00e9r\u00e9gie-Centre, en partenariat avec les CISSS de la Mont\u00e9r\u00e9gie-Est et de la Mont\u00e9r\u00e9gie-Ouest ainsi que la Direction de sant\u00e9 publique de la Mont\u00e9r\u00e9gie, a mis en place une trajectoire \u00e0 l\u2019H\u00f4pital Charles-Le Moyne pour d\u00e9pister les participants de la r\u00e9gion. Les premiers patients seront d\u2019ailleurs re\u00e7us au courant de la semaine du \u00a020 septembre prochain.<\/p>\n<p>L\u2019implantation de ce projet est le r\u00e9sultat des efforts soutenus du comit\u00e9 de projet qui comprend les professionnels et m\u00e9decins des secteurs de la canc\u00e9rologie, de l\u2019imagerie m\u00e9dicale, de la Direction de sant\u00e9 publique de la Mont\u00e9r\u00e9gie et des services de premi\u00e8re ligne. F\u00e9licitations \u00e0 tous pour cette collaboration!<\/p>\n<p><strong>Comment participer \u00e0 ce projet?<\/strong><\/p>\n<p>Les personnes qui souhaitent participer au projet de d\u00e9monstration du d\u00e9pistage du cancer du poumon doivent \u00eatre \u00e2g\u00e9es de 55 \u00e0 74 ans fumeurs ou ancien fumeurs et doivent r\u00e9pondre \u00e0 certains crit\u00e8res. Pour conna\u00eetre les crit\u00e8res et la fa\u00e7on de participer au projet, <a href=\"https:\/\/www.quebec.ca\/sante\/conseils-et-prevention\/depistage-et-offre-de-tests-de-porteur\/projet-demonstration-depistage-cancer-du-poumon?fbclid=IwAR0aZg4Y9dM_Urlr14IxziW4M6-skEsmt60aky6yz9VFp7qsrs3bKnUjyos#c93170\" target=\"_blank\" rel=\"noopener\">cliquez ici<\/a>.<\/p>\n<p>Si vous souhaitez r\u00e9f\u00e9rer un de vos usagers au projet, il est possible de le faire en compl\u00e9tant le <a href=\"https:\/\/santemc.quebec\/santemc\/icentre\/wp-content\/uploads\/2021\/09\/demande-reference-depistage-cancer-du-poumon.pdf\" target=\"_blank\" rel=\"noopener\">formulaire de r\u00e9f\u00e9rence<\/a>.<\/p>\n","protected":false},"excerpt":{"rendered":"<p>Lanc\u00e9 en juin dernier, le projet provincial de d\u00e9monstration de d\u00e9pistage du cancer du poumon vise \u00e0 d\u00e9pister de fa\u00e7on pr\u00e9coce les personnes\u00a0 pr\u00e9sentant un risque \u00e9lev\u00e9 de d\u00e9velopper un cancer du poumon et ainsi privil\u00e9gier une intervention rapide advenant &hellip; <a href=\"https:\/\/santemc.quebec\/icentre\/198570\/\">Continuer la lecture <span class=\"meta-nav\">&rarr;<\/span><\/a><\/p>\n","protected":false},"author":1,"featured_media":0,"comment_status":"open","ping_status":"closed","sticky":false,"template":"","format":"standard","meta":{"footnotes":""},"categories":[1],"tags":[],"_links":{"self":[{"href":"https:\/\/santemc.quebec\/icentre\/wp-json\/wp\/v2\/posts\/198570"}],"collection":[{"href":"https:\/\/santemc.quebec\/icentre\/wp-json\/wp\/v2\/posts"}],"about":[{"href":"https:\/\/santemc.quebec\/icentre\/wp-json\/wp\/v2\/types\/post"}],"author":[{"embeddable":true,"href":"https:\/\/santemc.quebec\/icentre\/wp-json\/wp\/v2\/users\/1"}],"replies":[{"embeddable":true,"href":"https:\/\/santemc.quebec\/icentre\/wp-json\/wp\/v2\/comments?post=198570"}],"version-history":[{"count":2,"href":"https:\/\/santemc.quebec\/icentre\/wp-json\/wp\/v2\/posts\/198570\/revisions"}],"predecessor-version":[{"id":198573,"href":"https:\/\/santemc.quebec\/icentre\/wp-json\/wp\/v2\/posts\/198570\/revisions\/198573"}],"wp:attachment":[{"href":"https:\/\/santemc.quebec\/icentre\/wp-json\/wp\/v2\/media?parent=198570"}],"wp:term":[{"taxonomy":"category","embeddable":true,"href":"https:\/\/santemc.quebec\/icentre\/wp-json\/wp\/v2\/categories?post=198570"},{"taxonomy":"post_tag","embeddable":true,"href":"https:\/\/santemc.quebec\/icentre\/wp-json\/wp\/v2\/tags?post=198570"}],"curies":[{"name":"wp","href":"https:\/\/api.w.org\/{rel}","templated":true}]}}