{"id":198575,"date":"2021-09-17T10:36:01","date_gmt":"2021-09-17T14:36:01","guid":{"rendered":"https:\/\/santemc.quebec\/icentre\/?p=198575"},"modified":"2021-09-17T10:36:01","modified_gmt":"2021-09-17T14:36:01","slug":"17-septembre-40e-journee-daction-contre-la-violence-sexuelle-faite-aux-femmes","status":"publish","type":"post","link":"https:\/\/santemc.quebec\/icentre\/17-septembre-40e-journee-daction-contre-la-violence-sexuelle-faite-aux-femmes\/","title":{"rendered":"17 septembre : 40e Journ\u00e9e d\u2019action contre la violence sexuelle faite aux femmes"},"content":{"rendered":"<p>Les vagues de d\u00e9nonciations successives dont nous avons \u00e9t\u00e9 t\u00e9moins dans les derni\u00e8res ann\u00e9es et les r\u00e9percussions du confinement tels que l\u2019isolement nous ont d\u00e9montr\u00e9 que les violences sexuelles faites aux femmes sont un enjeu de soci\u00e9t\u00e9. Il est n\u00e9cessaire de soutenir les survivantes, d\u2019agir pour faire cesser ce type d\u2019agressions et d\u2019informer la population pour mettre fin \u00e0 ce fl\u00e9au et instaurer collectivement une culture du consentement.<\/p>\n<p><!--more--><\/p>\n<p>Le Regroupement qu\u00e9b\u00e9cois des Centres d\u2019aide et de lutte contre les agressions \u00e0 caract\u00e8re sexuel (RQCALACS) et ses membres soulignent chaque ann\u00e9e, le 3e vendredi de septembre, la Journ\u00e9e d\u2019action contre la violence sexuelle faite aux femmes (JACVSFF). Cette initiative a pour objectif de lutter contre les agressions \u00e0 caract\u00e8re sexuel et le r\u00e9gime de peur qui les entoure. Les CALACS offrent du soutien aux survivantes d\u2019agression \u00e0 caract\u00e8re sexuel par l\u2019entremise de suivis individuels ou de groupe ou en les accompagnant dans diverses d\u00e9marches.<\/p>\n<p>Pour plus d\u2019information sur cette journ\u00e9e et pour en savoir plus sur les services offerts par les CALACS, vous pouvez consulter le site du Regroupement qu\u00e9b\u00e9cois des centres d\u2019aide et de lutte contre les agressions \u00e0 caract\u00e8re sexuel au <a href=\"http:\/\/rqcalacs.qc.ca\/\" target=\"_blank\" rel=\"noopener\">http:\/\/rqcalacs.qc.ca\/<\/a><\/p>\n<p><strong>Services offerts sur le territoire du CISSSMC<\/strong><\/p>\n<p><strong>Centres d\u00e9sign\u00e9s<\/strong><br \/>\nCes centres offrent des services confidentiels aux victimes d&rsquo;agression sexuelle, 24 heures sur 24 et 7 jours sur 7. Ils sont situ\u00e9s dans les urgences de certains h\u00f4pitaux. Ils offrent diff\u00e9rents services d&rsquo;aide m\u00e9dicale et psychosociaux aux victimes. Ces services s&rsquo;adressent aux enfants, aux adolescents et adolescentes, et aux femmes et aux hommes qui ont besoin d&rsquo;une \u00e9valuation de leur \u00e9tat de sant\u00e9 et d&rsquo;un examen m\u00e9dical ou m\u00e9dico-l\u00e9gal \u00e0 la suite d\u2019une agression sexuelle qui remonte \u00e0 moins de 6 mois. L\u2019H\u00f4pital Charles-Le Moyne accueille les victimes d\u2019agression sexuelle de moins de 14 ans, l\u2019H\u00f4pital Pierre-Boucher celles de 14 ans et plus et l\u2019H\u00f4pital du Haut-Richelieu accueille les victimes de toutes les tranches d\u2019\u00e2ge.<\/p>\n<p><strong>Services d\u2019accueil psychosocial des CLSC<\/strong><br \/>\nLes personnes qui habitent le territoire du CISSS de la Mont\u00e9r\u00e9gie-Centre et qui veulent obtenir de l\u2019aide ou du soutien peuvent communiquer avec le 811, option 2 en tout temps ou joindre les services d\u2019accueil psychosocial des CLSC :<\/p>\n<ul>\n<li>CLSC Saint-Hubert : 450 443-7400, poste 7318<\/li>\n<li>CLSC Samuel-de-Champlain : 450 445-4452, poste 612666<\/li>\n<li>CLSC Vall\u00e9e-des-Forts : 450 358-2572, poste 4510<\/li>\n<li>CLSC du Richelieu : 450 658-7561, poste 4510<\/li>\n<\/ul>\n<p><strong>Centre d\u2019aide aux victimes d\u2019actes criminels (CAVAC)<\/strong><br \/>\nCes services s\u2019adressent \u00e0 toute personne victime d\u2019acte criminel, peu importe leur \u00e2ge et leur genre. Des points de service sont situ\u00e9s au Palais de justice de Saint-Jean-sur-Richelieu ainsi qu\u2019\u00e0 celui de Longueuil pour les personnes qui r\u00e9sident sur ces territoires.<\/p>\n<p><strong>Organismes communautaires<\/strong><br \/>\nSur le territoire du RLS du HRR, l\u2019organisme L\u2019Expression Libre offre un soutien aux adolescentes et adolescents \u00e2g\u00e9s entre 12 et 20 ans et aux femmes adultes qui ont \u00e9t\u00e9 victimes d\u2019agression sexuelle. Pour plus d\u2019information : <a href=\"https:\/\/expressionlibre.ca\" target=\"_blank\" rel=\"noopener\">https:\/\/expressionlibre.ca<\/a><\/p>\n<p>Sur le territoire du RLS de Champlain, nous retrouvons l\u2019organisme La Travers\u00e9e qui est un centre de soutien et de psychoth\u00e9rapie pour les victimes d\u2019agression sexuelle en Mont\u00e9r\u00e9gie. <a href=\"https:\/\/www.latraversee.qc.ca\/\" target=\"_blank\" rel=\"noopener\">https:\/\/www.latraversee.qc.ca\/<\/a><\/p>\n<p><strong>Vous \u00eates un intervenant qui \u0153uvre dans un centre d\u00e9sign\u00e9?<br \/>\n<\/strong>Cr\u00e9e en juillet 2019, le Service-conseil aux centres d\u00e9sign\u00e9s pour l\u2019intervention m\u00e9dicosociale aupr\u00e8s des victimes d&rsquo;agression sexuelle offre des services de soutien aux membres des \u00e9quipes m\u00e9dicosociales (intervenantes et intervenants, infirmi\u00e8res et infirmiers, m\u00e9decins) des centres d\u00e9sign\u00e9s quant \u00e0 leurs besoins cliniques, organisationnels et de formation. Du lundi au vendredi de 9 h \u00e0 17 h : 514 656-8906 ou infoservice-conseil@cvasm.ca<\/p>\n<p><a href=\"https:\/\/santemc.quebec\/santemc\/icentre\/wp-content\/uploads\/2021\/09\/visuel_17septembre.png\"><img decoding=\"async\" loading=\"lazy\" class=\"size-medium wp-image-198576 aligncenter\" src=\"https:\/\/santemc.quebec\/santemc\/icentre\/wp-content\/uploads\/2021\/09\/visuel_17septembre-300x169.png\" alt=\"\" width=\"300\" height=\"169\" srcset=\"https:\/\/santemc.quebec\/santemc\/icentre\/wp-content\/uploads\/2021\/09\/visuel_17septembre-300x169.png 300w, https:\/\/santemc.quebec\/santemc\/icentre\/wp-content\/uploads\/2021\/09\/visuel_17septembre-1024x576.png 1024w, https:\/\/santemc.quebec\/santemc\/icentre\/wp-content\/uploads\/2021\/09\/visuel_17septembre-768x432.png 768w, https:\/\/santemc.quebec\/santemc\/icentre\/wp-content\/uploads\/2021\/09\/visuel_17septembre-500x281.png 500w, https:\/\/santemc.quebec\/santemc\/icentre\/wp-content\/uploads\/2021\/09\/visuel_17septembre.png 1320w\" sizes=\"(max-width: 300px) 100vw, 300px\" \/><\/a><\/p>\n","protected":false},"excerpt":{"rendered":"<p>Les vagues de d\u00e9nonciations successives dont nous avons \u00e9t\u00e9 t\u00e9moins dans les derni\u00e8res ann\u00e9es et les r\u00e9percussions du confinement tels que l\u2019isolement nous ont d\u00e9montr\u00e9 que les violences sexuelles faites aux femmes sont un enjeu de soci\u00e9t\u00e9. Il est n\u00e9cessaire &hellip; <a href=\"https:\/\/santemc.quebec\/icentre\/17-septembre-40e-journee-daction-contre-la-violence-sexuelle-faite-aux-femmes\/\">Continuer la lecture <span class=\"meta-nav\">&rarr;<\/span><\/a><\/p>\n","protected":false},"author":9,"featured_media":0,"comment_status":"open","ping_status":"closed","sticky":false,"template":"","format":"standard","meta":{"footnotes":""},"categories":[1],"tags":[],"_links":{"self":[{"href":"https:\/\/santemc.quebec\/icentre\/wp-json\/wp\/v2\/posts\/198575"}],"collection":[{"href":"https:\/\/santemc.quebec\/icentre\/wp-json\/wp\/v2\/posts"}],"about":[{"href":"https:\/\/santemc.quebec\/icentre\/wp-json\/wp\/v2\/types\/post"}],"author":[{"embeddable":true,"href":"https:\/\/santemc.quebec\/icentre\/wp-json\/wp\/v2\/users\/9"}],"replies":[{"embeddable":true,"href":"https:\/\/santemc.quebec\/icentre\/wp-json\/wp\/v2\/comments?post=198575"}],"version-history":[{"count":1,"href":"https:\/\/santemc.quebec\/icentre\/wp-json\/wp\/v2\/posts\/198575\/revisions"}],"predecessor-version":[{"id":198577,"href":"https:\/\/santemc.quebec\/icentre\/wp-json\/wp\/v2\/posts\/198575\/revisions\/198577"}],"wp:attachment":[{"href":"https:\/\/santemc.quebec\/icentre\/wp-json\/wp\/v2\/media?parent=198575"}],"wp:term":[{"taxonomy":"category","embeddable":true,"href":"https:\/\/santemc.quebec\/icentre\/wp-json\/wp\/v2\/categories?post=198575"},{"taxonomy":"post_tag","embeddable":true,"href":"https:\/\/santemc.quebec\/icentre\/wp-json\/wp\/v2\/tags?post=198575"}],"curies":[{"name":"wp","href":"https:\/\/api.w.org\/{rel}","templated":true}]}}