{"id":198585,"date":"2021-09-17T16:30:52","date_gmt":"2021-09-17T20:30:52","guid":{"rendered":"https:\/\/santemc.quebec\/icentre\/?p=198585"},"modified":"2021-09-17T16:30:56","modified_gmt":"2021-09-17T20:30:56","slug":"covid-19-mise-a-jour-de-la-foire-aux-questions-16","status":"publish","type":"post","link":"https:\/\/santemc.quebec\/icentre\/covid-19-mise-a-jour-de-la-foire-aux-questions-16\/","title":{"rendered":"COVID-19 : Mise \u00e0 jour de la Foire aux questions"},"content":{"rendered":"<p>Des modifications ont \u00e9t\u00e9 apport\u00e9es aux sections suivantes :<\/p>\n<ul>\n<li id=\"test\">Sympt\u00f4mes, test d\u00e9pistage, isolement et retour au travail<\/li>\n<li id=\"test\">Primes<\/li>\n<li>Mesures incitatives favorisant la pr\u00e9sence au travail \u00e0 temps complet<\/li>\n<li>Vaccination<\/li>\n<li>Couverture vaccinale des travailleurs de la Sant\u00e9<\/li>\n<\/ul>\n<p><a href=\"https:\/\/santemc.quebec\/icentre\/?page_id=185406\" target=\"_blank\" rel=\"noopener\">Lire la Foire aux questions des employ\u00e9s<\/a><\/p>\n","protected":false},"excerpt":{"rendered":"<p>Des modifications ont \u00e9t\u00e9 apport\u00e9es aux sections suivantes : Sympt\u00f4mes, test d\u00e9pistage, isolement et retour au travail Primes Mesures incitatives favorisant la pr\u00e9sence au travail \u00e0 temps complet Vaccination Couverture vaccinale des travailleurs de la Sant\u00e9 Lire la Foire aux &hellip; <a href=\"https:\/\/santemc.quebec\/icentre\/covid-19-mise-a-jour-de-la-foire-aux-questions-16\/\">Continuer la lecture <span class=\"meta-nav\">&rarr;<\/span><\/a><\/p>\n","protected":false},"author":33,"featured_media":0,"comment_status":"open","ping_status":"closed","sticky":false,"template":"","format":"standard","meta":{"footnotes":""},"categories":[1],"tags":[],"_links":{"self":[{"href":"https:\/\/santemc.quebec\/icentre\/wp-json\/wp\/v2\/posts\/198585"}],"collection":[{"href":"https:\/\/santemc.quebec\/icentre\/wp-json\/wp\/v2\/posts"}],"about":[{"href":"https:\/\/santemc.quebec\/icentre\/wp-json\/wp\/v2\/types\/post"}],"author":[{"embeddable":true,"href":"https:\/\/santemc.quebec\/icentre\/wp-json\/wp\/v2\/users\/33"}],"replies":[{"embeddable":true,"href":"https:\/\/santemc.quebec\/icentre\/wp-json\/wp\/v2\/comments?post=198585"}],"version-history":[{"count":1,"href":"https:\/\/santemc.quebec\/icentre\/wp-json\/wp\/v2\/posts\/198585\/revisions"}],"predecessor-version":[{"id":198586,"href":"https:\/\/santemc.quebec\/icentre\/wp-json\/wp\/v2\/posts\/198585\/revisions\/198586"}],"wp:attachment":[{"href":"https:\/\/santemc.quebec\/icentre\/wp-json\/wp\/v2\/media?parent=198585"}],"wp:term":[{"taxonomy":"category","embeddable":true,"href":"https:\/\/santemc.quebec\/icentre\/wp-json\/wp\/v2\/categories?post=198585"},{"taxonomy":"post_tag","embeddable":true,"href":"https:\/\/santemc.quebec\/icentre\/wp-json\/wp\/v2\/tags?post=198585"}],"curies":[{"name":"wp","href":"https:\/\/api.w.org\/{rel}","templated":true}]}}