{"id":198640,"date":"2021-09-21T13:41:28","date_gmt":"2021-09-21T17:41:28","guid":{"rendered":"https:\/\/santemc.quebec\/icentre\/?p=198640"},"modified":"2021-09-21T14:34:55","modified_gmt":"2021-09-21T18:34:55","slug":"prevention-du-suicide-une-responsabilite-partagee","status":"publish","type":"post","link":"https:\/\/santemc.quebec\/icentre\/prevention-du-suicide-une-responsabilite-partagee\/","title":{"rendered":"Pr\u00e9vention du suicide : une responsabilit\u00e9 partag\u00e9e"},"content":{"rendered":"<p>La semaine derni\u00e8re, nous soulignions la Journ\u00e9e mondiale de la pr\u00e9vention du suicide. Comme employ\u00e9s du r\u00e9seau de la sant\u00e9 et des services sociaux, <strong>nous avons tous un r\u00f4le \u00e0 jouer dans la pr\u00e9vention du suicide<\/strong>. Que vous soyez professionnel de soins, employ\u00e9 de soutien, m\u00e9decin, membre d\u2019une \u00e9quipe d\u2019un secteur administratif : votre vigilance et votre connaissance des bonnes pratiques en mati\u00e8re de pr\u00e9vention du suicide peuvent faire la diff\u00e9rence dans la vie d\u2019un usager ou m\u00eame d\u2019un coll\u00e8gue.<\/p>\n<p><!--more--><\/p>\n<p>Dans le cadre des travaux pr\u00e9paratoires \u00e0 l\u2019\u00e9ventuelle visite d\u2019Agr\u00e9ment Canada, la Direction des programmes sant\u00e9 mentale et d\u00e9pendance souhaite vous outiller et vous informer en lien avec la pr\u00e9vention du suicide.<\/p>\n<p>Pour ce faire, <a href=\"https:\/\/santemc.quebec\/santemc\/icentre\/wp-content\/uploads\/2021\/09\/Guide-prevention_suicide_reperage-evaluation-estimation-2021-08-13.pdf\">un document<\/a> qui r\u00e9sume, pour chacune des \u00e9tapes (rep\u00e9rage, \u00e9valuation et estimation), les balises cliniques importantes a \u00e9t\u00e9 pr\u00e9par\u00e9. Ce document vous permettra de vous approprier les bonnes pratiques en mati\u00e8re de pr\u00e9vention du suicide et de vous informer des attentes, et cela, quel que soit votre secteur de travail.<\/p>\n<p>Des capsules vid\u00e9os, accessibles via le document, ont \u00e9t\u00e9 d\u00e9velopp\u00e9es dans un souci de partage dynamique des connaissances. De l\u2019information sur les formations pertinentes est \u00e9galement disponible.<\/p>\n<p>Si vous avez des questions ou des pr\u00e9occupations en lien avec le contenu du document, les formulaires qui y sont pr\u00e9sent\u00e9s ou les formations qui y sont pr\u00e9sent\u00e9es, adressez-vous directement \u00e0 votre gestionnaire.<\/p>\n<p>Rappelons que <strong>la pr\u00e9vention du suicide est une responsabilit\u00e9 partag\u00e9e<\/strong> qui doit \u00eatre port\u00e9e autant par les \u00e9quipes impliqu\u00e9es en sant\u00e9 physique que celles \u0153uvrant au sein des services sociaux g\u00e9n\u00e9raux ou sp\u00e9cialis\u00e9s.<\/p>\n<p><strong>Notre vigilance collective peut faire la diff\u00e9rence dans la vie d&rsquo;une personne.<\/strong><\/p>\n<p>*****<\/p>\n<p><strong>Si vous ou un proche vivez une situation difficile, n\u2019h\u00e9sitez pas \u00e0 contacter les ressources disponibles\u00a0:<\/strong><\/p>\n<ul>\n<li>Centre de pr\u00e9vention du suicide, au 1 866 APPELLE (277-3553)<\/li>\n<li><a href=\"http:\/\/www.suicide.ca\">suicide.ca<\/a><\/li>\n<li>Programme d\u2019aide aux employ\u00e9s au 1 866 863-1486<\/li>\n<li>1 855 CRAQUER ou le <a href=\"http:\/\/www.avantdecraquer.com\">avantdecraquer.com<\/a> (ressource pour les proches)<\/li>\n<\/ul>\n","protected":false},"excerpt":{"rendered":"<p>La semaine derni\u00e8re, nous soulignions la Journ\u00e9e mondiale de la pr\u00e9vention du suicide. Comme employ\u00e9s du r\u00e9seau de la sant\u00e9 et des services sociaux, nous avons tous un r\u00f4le \u00e0 jouer dans la pr\u00e9vention du suicide. Que vous soyez professionnel &hellip; <a href=\"https:\/\/santemc.quebec\/icentre\/prevention-du-suicide-une-responsabilite-partagee\/\">Continuer la lecture <span class=\"meta-nav\">&rarr;<\/span><\/a><\/p>\n","protected":false},"author":32,"featured_media":0,"comment_status":"open","ping_status":"closed","sticky":false,"template":"","format":"standard","meta":{"footnotes":""},"categories":[1],"tags":[],"_links":{"self":[{"href":"https:\/\/santemc.quebec\/icentre\/wp-json\/wp\/v2\/posts\/198640"}],"collection":[{"href":"https:\/\/santemc.quebec\/icentre\/wp-json\/wp\/v2\/posts"}],"about":[{"href":"https:\/\/santemc.quebec\/icentre\/wp-json\/wp\/v2\/types\/post"}],"author":[{"embeddable":true,"href":"https:\/\/santemc.quebec\/icentre\/wp-json\/wp\/v2\/users\/32"}],"replies":[{"embeddable":true,"href":"https:\/\/santemc.quebec\/icentre\/wp-json\/wp\/v2\/comments?post=198640"}],"version-history":[{"count":3,"href":"https:\/\/santemc.quebec\/icentre\/wp-json\/wp\/v2\/posts\/198640\/revisions"}],"predecessor-version":[{"id":198650,"href":"https:\/\/santemc.quebec\/icentre\/wp-json\/wp\/v2\/posts\/198640\/revisions\/198650"}],"wp:attachment":[{"href":"https:\/\/santemc.quebec\/icentre\/wp-json\/wp\/v2\/media?parent=198640"}],"wp:term":[{"taxonomy":"category","embeddable":true,"href":"https:\/\/santemc.quebec\/icentre\/wp-json\/wp\/v2\/categories?post=198640"},{"taxonomy":"post_tag","embeddable":true,"href":"https:\/\/santemc.quebec\/icentre\/wp-json\/wp\/v2\/tags?post=198640"}],"curies":[{"name":"wp","href":"https:\/\/api.w.org\/{rel}","templated":true}]}}