{"id":198645,"date":"2021-09-21T14:29:26","date_gmt":"2021-09-21T18:29:26","guid":{"rendered":"https:\/\/santemc.quebec\/icentre\/?p=198645"},"modified":"2021-09-21T14:37:05","modified_gmt":"2021-09-21T18:37:05","slug":"le-cisss-de-la-monteregie-centre-finaliste-aux-prix-iapq-2021","status":"publish","type":"post","link":"https:\/\/santemc.quebec\/icentre\/le-cisss-de-la-monteregie-centre-finaliste-aux-prix-iapq-2021\/","title":{"rendered":"Le CISSS de la Mont\u00e9r\u00e9gie-Centre finaliste aux Prix IAPQ 2021!"},"content":{"rendered":"<p>C\u2019est avec une grande fiert\u00e9 que notre organisation re\u00e7oit l\u2019honneur d\u2019\u00eatre parmi les trois finalistes de la cat\u00e9gorie Sant\u00e9 et services sociaux des Prix d\u2019excellence de l\u2019administration publique (IAPQ) 2021 pour le <a href=\"https:\/\/santemc.quebec\/icentre\/?p=191028\" target=\"_blank\" rel=\"noopener\">D\u00e9ploiement national du Programme de pr\u00e9vention des troubles anxieux HORS-PISTE<\/a>. Les Prix IAPQ sont destin\u00e9s \u00e0 reconna\u00eetre les initiatives des divers secteurs de l\u2019administration publique au Qu\u00e9bec. Ils offrent l\u2019occasion de faire rayonner notre organisation et notre personnel, ainsi que l\u2019innovation qui marque nos projets.<\/p>\n<p><!--more--><\/p>\n<p>Cette nomination n\u2019aurait pas \u00e9t\u00e9 possible sans le travail remarquable de l\u2019\u00e9quipe de chercheurs du Centre RBC d\u2019expertise universitaire en sant\u00e9 mentale de l\u2019Universit\u00e9 de Sherbrooke ainsi que de l\u2019\u00e9quipe de soutien au d\u00e9ploiement national, de la Direction du programme jeunesse du CISSSMC. C\u2019est par l\u2019apport de chaque professionnel du milieu de la sant\u00e9 et des services sociaux ainsi que du milieu scolaire que cet important programme conna\u00eet le succ\u00e8s actuel et poursuit sa lanc\u00e9e afin de r\u00e9pondre \u00e0 une probl\u00e9matique inh\u00e9rente des jeunes vivant avec des troubles anxieux.<\/p>\n<p>Nous conna\u00eetrons les gagnants lors de la 35e \u00e9dition de remise des prix, le 25 novembre prochain.<\/p>\n<p>F\u00e9licitations \u00e0 l\u2019ensemble de l\u2019\u00e9quipe pour cette nomination, elle m\u00e9rite toute notre reconnaissance. Consultez le <a href=\"http:\/\/www.santemc.quebec\/horspiste\" target=\"_blank\" rel=\"noopener\">www.santemc.quebec\/horspiste<\/a> pour en conna\u00eetre davantage sur le d\u00e9ploiement national du programme HORS-PISTE.<\/p>\n<p><strong>Les membres de l\u2019\u00e9quipe de soutien au d\u00e9ploiement national du CISSSMC, sous la direction de Jos\u00e9e Rivard.<\/strong><br \/>\n(photo prise avant la pand\u00e9mie) De gauche \u00e0 droite : Marilou Hamelin (APPR), Jos\u00e9e Blanchette (APPR), Chantal Angrignon (conseill\u00e8re-cadre), Catherine Rousseau (technicienne en administration), Maxime Charest-Caron (APPR)<\/p>\n<p><a href=\"https:\/\/santemc.quebec\/santemc\/icentre\/wp-content\/uploads\/2021\/09\/equipe.jpg\"><img decoding=\"async\" loading=\"lazy\" class=\"alignleft size-full wp-image-198646\" src=\"https:\/\/santemc.quebec\/santemc\/icentre\/wp-content\/uploads\/2021\/09\/equipe.jpg\" alt=\"\" width=\"493\" height=\"377\" srcset=\"https:\/\/santemc.quebec\/santemc\/icentre\/wp-content\/uploads\/2021\/09\/equipe.jpg 493w, https:\/\/santemc.quebec\/santemc\/icentre\/wp-content\/uploads\/2021\/09\/equipe-300x229.jpg 300w, https:\/\/santemc.quebec\/santemc\/icentre\/wp-content\/uploads\/2021\/09\/equipe-392x300.jpg 392w\" sizes=\"(max-width: 493px) 100vw, 493px\" \/><\/a><\/p>\n","protected":false},"excerpt":{"rendered":"<p>C\u2019est avec une grande fiert\u00e9 que notre organisation re\u00e7oit l\u2019honneur d\u2019\u00eatre parmi les trois finalistes de la cat\u00e9gorie Sant\u00e9 et services sociaux des Prix d\u2019excellence de l\u2019administration publique (IAPQ) 2021 pour le D\u00e9ploiement national du Programme de pr\u00e9vention des troubles &hellip; <a href=\"https:\/\/santemc.quebec\/icentre\/le-cisss-de-la-monteregie-centre-finaliste-aux-prix-iapq-2021\/\">Continuer la lecture <span class=\"meta-nav\">&rarr;<\/span><\/a><\/p>\n","protected":false},"author":33,"featured_media":0,"comment_status":"open","ping_status":"closed","sticky":false,"template":"","format":"standard","meta":{"footnotes":""},"categories":[1],"tags":[],"_links":{"self":[{"href":"https:\/\/santemc.quebec\/icentre\/wp-json\/wp\/v2\/posts\/198645"}],"collection":[{"href":"https:\/\/santemc.quebec\/icentre\/wp-json\/wp\/v2\/posts"}],"about":[{"href":"https:\/\/santemc.quebec\/icentre\/wp-json\/wp\/v2\/types\/post"}],"author":[{"embeddable":true,"href":"https:\/\/santemc.quebec\/icentre\/wp-json\/wp\/v2\/users\/33"}],"replies":[{"embeddable":true,"href":"https:\/\/santemc.quebec\/icentre\/wp-json\/wp\/v2\/comments?post=198645"}],"version-history":[{"count":4,"href":"https:\/\/santemc.quebec\/icentre\/wp-json\/wp\/v2\/posts\/198645\/revisions"}],"predecessor-version":[{"id":198652,"href":"https:\/\/santemc.quebec\/icentre\/wp-json\/wp\/v2\/posts\/198645\/revisions\/198652"}],"wp:attachment":[{"href":"https:\/\/santemc.quebec\/icentre\/wp-json\/wp\/v2\/media?parent=198645"}],"wp:term":[{"taxonomy":"category","embeddable":true,"href":"https:\/\/santemc.quebec\/icentre\/wp-json\/wp\/v2\/categories?post=198645"},{"taxonomy":"post_tag","embeddable":true,"href":"https:\/\/santemc.quebec\/icentre\/wp-json\/wp\/v2\/tags?post=198645"}],"curies":[{"name":"wp","href":"https:\/\/api.w.org\/{rel}","templated":true}]}}