{"id":198662,"date":"2021-09-22T08:56:57","date_gmt":"2021-09-22T12:56:57","guid":{"rendered":"https:\/\/santemc.quebec\/icentre\/?p=198662"},"modified":"2021-09-22T14:53:53","modified_gmt":"2021-09-22T18:53:53","slug":"50-arrets-3-700-personnes-vaccinees-les-activites-du-vaccibus-se-poursuivent","status":"publish","type":"post","link":"https:\/\/santemc.quebec\/icentre\/50-arrets-3-700-personnes-vaccinees-les-activites-du-vaccibus-se-poursuivent\/","title":{"rendered":"50 arr\u00eats, 3 700 personnes vaccin\u00e9es : les activit\u00e9s du Vaccibus se poursuivent"},"content":{"rendered":"<p><em>Communiqu\u00e9 de presse diffus\u00e9 hier<\/em><\/p>\n<p>Longueuil, le 21 septembre 2021 \u2013 Les activit\u00e9s du Vaccibus seront prolong\u00e9es jusqu\u2019au 15 octobre prochain. Le fruit de la collaboration entre le CISSS de la Mont\u00e9r\u00e9gie-Centre et le R\u00e9seau de transport de Longueuil (RTL) circule sur le territoire depuis le 13 juillet dernier. Depuis son lancement, le Vaccibus a effectu\u00e9 pr\u00e8s de 50 arr\u00eats dans les parcs, les \u00e9tablissements scolaires, les \u00e9v\u00e9nements, les entreprises et les commerces de la Mont\u00e9r\u00e9gie. Au total, ce sont plus de 3 700 personnes qui sont mont\u00e9es \u00e0 bord du Vaccibus afin de recevoir une premi\u00e8re ou une deuxi\u00e8me dose du vaccin contre la COVID-19.<!--more--><\/p>\n<p>\u00ab Le RTL a mis l\u2019\u00e9paule \u00e0 la roue et les r\u00e9sultats sont probants. Nous sommes heureux de contribuer concr\u00e8tement \u00e0 cette initiative visant \u00e0 favoriser l\u2019acc\u00e8s \u00e0 la vaccination des citoyens du territoire de la Mont\u00e9r\u00e9gie. Nous sommes heureux de voir que le Vaccibus pourra continuer \u00e0 appuyer les efforts du Centre int\u00e9gr\u00e9 de la sant\u00e9 et des services sociaux de la Mont\u00e9r\u00e9gie-Centre dans la lutte contre la COVID-19 dans notre r\u00e9gion \u00bb, mentionne Jonathan Tabarah, pr\u00e9sident du conseil d\u2019administration du RTL.<\/p>\n<p>\u00ab Le Vaccibus est sans conteste un outil efficace pour soutenir les efforts de vaccination d\u00e9ploy\u00e9s par nos \u00e9quipes afin de vaincre cette pand\u00e9mie. Sa mobilit\u00e9 permet de rejoindre les gens l\u00e0 o\u00f9 ils se trouvent et la formule sans-rendez-vous facilite l\u2019acc\u00e8s \u00e0 toutes les client\u00e8les. Je remercie le R\u00e9seau de transport de Longueuil (RTL) pour leur soutien dans la r\u00e9ussite de cette initiative, je tiens \u00e0 souligner l\u2019engagement des dirigeants qui n\u2019ont pas h\u00e9sit\u00e9 \u00e0 prolonger les activit\u00e9s du Vaccibus. D\u2019ici le 15 octobre, nous souhaitons orienter notre circuit de visites vers les entreprises du territoire \u00bb, souligne Richard Deschamps, pr\u00e9sident-directeur g\u00e9n\u00e9ral du CISSS de la Mont\u00e9r\u00e9gie-Centre.<\/p>\n<p>Le Vaccibus sera disponible 5 jours par semaine, du mardi au samedi, jusqu\u2019au 15 octobre prochain. Cet autobus pr\u00eat\u00e9 par le RTL est compl\u00e8tement am\u00e9nag\u00e9 sous forme de clinique afin de permettre au personnel du CISSS de la Mont\u00e9r\u00e9gie-Centre d\u2019y faire la pr\u00e9paration des vaccins, l\u2019\u00e9valuation et la vaccination. Celui-ci est \u00e9galement accessible aux personnes \u00e0 mobilit\u00e9 r\u00e9duite.<br \/>\nIl est possible de suivre la localisation du Vaccibus sur la page Facebook du CISSS de la Mont\u00e9r\u00e9gie-Centre au : https:\/\/www.facebook.com\/cisssmc, ainsi que sur la page Facebook du RTL :\u00a0<a class=\"is-external is-new-window\" href=\"https:\/\/www.facebook.com\/RTLlongueuil\" target=\"_blank\" rel=\"noopener\">https:\/\/www.facebook.com\/RTLlongueuil\/.<\/a><\/p>\n<p>Le RTL et le CISSS de la Mont\u00e9r\u00e9gie-Centre remercient sinc\u00e8rement les citoyens ainsi que toutes les \u00e9quipes qui ont pris part \u00e0 la r\u00e9ussite de cette initiative.<br \/>\nPour obtenir plus d\u2019information \u00e0 propos de la vaccination, nous vous invitons \u00e0 visiter l\u2019adresse suivante :\u00a0<a class=\"is-external is-new-window\" href=\"https:\/\/santemonteregie.qc.ca\/vaccination-contre-la-covid-19-en-monteregie\" target=\"_blank\" rel=\"noopener\">https:\/\/santemonteregie.qc.ca\/vaccination-contre-la-covid-19-en-monteregie<\/a><\/p>\n<p><strong>\u00c0 propos du RTL<\/strong><br \/>\nLe R\u00e9seau de transport de Longueuil (RTL) est le principal acteur de la mobilit\u00e9 des personnes sur le territoire des cinq villes de l\u2019agglom\u00e9ration de Longueuil. Troisi\u00e8me soci\u00e9t\u00e9 de transport<br \/>\nen importance au Qu\u00e9bec, le RTL comprend un r\u00e9seau de 793 kilom\u00e8tres. Avec 1 112 employ\u00e9s, le RTL est un employeur important et participe ainsi \u00e0 la vitalit\u00e9 \u00e9conomique de la r\u00e9gion. Le RTL appara\u00eet pour une deuxi\u00e8me ann\u00e9e cons\u00e9cutive en 2020 au palmar\u00e8s des meilleurs employeurs du magazine Forbes.<br \/>\nOuvert sur son milieu, il fait partie int\u00e9grante de la vie des personnes et de la communaut\u00e9 en apportant des solutions efficaces, novatrices et adapt\u00e9es aux besoins \u00e9volutifs de la client\u00e8le. Le RTL place ainsi l\u2019am\u00e9lioration de la qualit\u00e9 de vie des citoyens au coeur de son engagement.<\/p>\n<p><strong>\u00c0 propos du CISSS de la Mont\u00e9r\u00e9gie-Centre<\/strong><br \/>\nLe Centre int\u00e9gr\u00e9 de sant\u00e9 et de services sociaux (CISSS) de la Mont\u00e9r\u00e9gie-Centre a pour mission de contribuer \u00e0 promouvoir, maintenir, am\u00e9liorer et restaurer la sant\u00e9 et le bien-\u00eatre de la population de son territoire en rendant accessible un ensemble de services de sant\u00e9 et de services sociaux de qualit\u00e9.<br \/>\nIl compte plus de 11 500 membres du personnel et pr\u00e8s de 850 m\u00e9decins oeuvrant dans une quarantaine d\u2019installations, dont l\u2019H\u00f4pital Charles-Le Moyne, d\u00e9sign\u00e9 centre affili\u00e9 universitaire, l\u2019H\u00f4pital du Haut-Richelieu, des centres de recherche ainsi que plusieurs CHSLD et CLSC. Il a aussi notamment sous sa juridiction la Direction de sant\u00e9 publique de la Mont\u00e9r\u00e9gie. Plus de 420 000 personnes r\u00e9sident sur son territoire.<\/p>\n<p><img decoding=\"async\" class=\"align-center\" src=\"https:\/\/www.santemonteregie.qc.ca\/sites\/default\/files\/inline-images\/Vaccin130721-111%20%281%29.jpg\" alt=\"Vaccin3\" data-entity-type=\"file\" data-entity-uuid=\"290038e2-7862-4084-8c42-da641168fcb3\" \/><img decoding=\"async\" class=\"align-center\" src=\"https:\/\/www.santemonteregie.qc.ca\/sites\/default\/files\/inline-images\/Vaccin130721-003H%20%281%29.jpg\" alt=\"Vaccin1\" data-entity-type=\"file\" data-entity-uuid=\"91413fe4-afdf-46dd-a7db-09f3072d4125\" \/><img decoding=\"async\" class=\"align-center\" src=\"https:\/\/www.santemonteregie.qc.ca\/sites\/default\/files\/inline-images\/Vaccin130721-102%20%281%29.jpg\" alt=\"Vaccin2\" data-entity-type=\"file\" data-entity-uuid=\"9a73dfd6-87ca-43d1-b6aa-2dc16975f28e\" \/><\/p>\n","protected":false},"excerpt":{"rendered":"<p>Communiqu\u00e9 de presse diffus\u00e9 hier Longueuil, le 21 septembre 2021 \u2013 Les activit\u00e9s du Vaccibus seront prolong\u00e9es jusqu\u2019au 15 octobre prochain. Le fruit de la collaboration entre le CISSS de la Mont\u00e9r\u00e9gie-Centre et le R\u00e9seau de transport de Longueuil (RTL) &hellip; <a href=\"https:\/\/santemc.quebec\/icentre\/50-arrets-3-700-personnes-vaccinees-les-activites-du-vaccibus-se-poursuivent\/\">Continuer la lecture <span class=\"meta-nav\">&rarr;<\/span><\/a><\/p>\n","protected":false},"author":1,"featured_media":0,"comment_status":"open","ping_status":"closed","sticky":false,"template":"","format":"standard","meta":{"footnotes":""},"categories":[1],"tags":[],"_links":{"self":[{"href":"https:\/\/santemc.quebec\/icentre\/wp-json\/wp\/v2\/posts\/198662"}],"collection":[{"href":"https:\/\/santemc.quebec\/icentre\/wp-json\/wp\/v2\/posts"}],"about":[{"href":"https:\/\/santemc.quebec\/icentre\/wp-json\/wp\/v2\/types\/post"}],"author":[{"embeddable":true,"href":"https:\/\/santemc.quebec\/icentre\/wp-json\/wp\/v2\/users\/1"}],"replies":[{"embeddable":true,"href":"https:\/\/santemc.quebec\/icentre\/wp-json\/wp\/v2\/comments?post=198662"}],"version-history":[{"count":2,"href":"https:\/\/santemc.quebec\/icentre\/wp-json\/wp\/v2\/posts\/198662\/revisions"}],"predecessor-version":[{"id":198671,"href":"https:\/\/santemc.quebec\/icentre\/wp-json\/wp\/v2\/posts\/198662\/revisions\/198671"}],"wp:attachment":[{"href":"https:\/\/santemc.quebec\/icentre\/wp-json\/wp\/v2\/media?parent=198662"}],"wp:term":[{"taxonomy":"category","embeddable":true,"href":"https:\/\/santemc.quebec\/icentre\/wp-json\/wp\/v2\/categories?post=198662"},{"taxonomy":"post_tag","embeddable":true,"href":"https:\/\/santemc.quebec\/icentre\/wp-json\/wp\/v2\/tags?post=198662"}],"curies":[{"name":"wp","href":"https:\/\/api.w.org\/{rel}","templated":true}]}}