{"id":198697,"date":"2021-09-23T15:48:10","date_gmt":"2021-09-23T19:48:10","guid":{"rendered":"https:\/\/santemc.quebec\/icentre\/?p=198697"},"modified":"2021-09-23T18:33:25","modified_gmt":"2021-09-23T22:33:25","slug":"main-doeuvre-dans-le-reseau-de-la-sante-quebec-annonce-une-serie-de-mesures-pour-ameliorer-les-conditions-dexercice-des-infirmieres","status":"publish","type":"post","link":"https:\/\/santemc.quebec\/icentre\/main-doeuvre-dans-le-reseau-de-la-sante-quebec-annonce-une-serie-de-mesures-pour-ameliorer-les-conditions-dexercice-des-infirmieres\/","title":{"rendered":"Main-d&rsquo;\u0153uvre dans le r\u00e9seau de la sant\u00e9 &#8211; Qu\u00e9bec annonce une s\u00e9rie de mesures pour am\u00e9liorer les conditions d&rsquo;exercice des infirmi\u00e8res"},"content":{"rendered":"<p><span class=\"TextRun SCXW239866523 BCX0\" lang=\"FR-CA\" xml:lang=\"FR-CA\" data-contrast=\"auto\"><span class=\"NormalTextRun SCXW239866523 BCX0\">D<\/span><span class=\"NormalTextRun SCXW239866523 BCX0\">\u00e8s aujourd\u2019hui, le CISSS de la Mont\u00e9r\u00e9gie-Centre souhaite<\/span><span class=\"NormalTextRun SCXW239866523 BCX0\">\u00a0annoncer aux infirmi\u00e8res, infirmi\u00e8res auxiliaires,\u00a0<\/span><span class=\"NormalTextRun SCXW239866523 BCX0\">inhaloth\u00e9rapeutes<\/span><span class=\"NormalTextRun SCXW239866523 BCX0\">\u00a0et\u00a0<\/span><span class=\"NormalTextRun SpellingErrorV2 SCXW239866523 BCX0\">perfusionnistes, retrait\u00e9s ou qui travaillent \u00e0 l&rsquo;ext\u00e9rieur du r\u00e9seau,<\/span><span class=\"NormalTextRun SCXW239866523 BCX0\">\u00a0que ses\u00a0<\/span><span class=\"NormalTextRun SCXW239866523 BCX0\">\u00e9quipes sont pr\u00eates \u00e0 les accueillir.<\/span><span class=\"NormalTextRun SCXW239866523 BCX0\"> Nous vous invitons \u00e0 partager cette information aux personnes de votre entourage.<\/span><\/span><\/p>\n<p><a href=\"https:\/\/santemc.quebec\/icentre\/?page_id=198702\" target=\"_blank\" rel=\"noopener\">Pour tous les d\u00e9tails<\/a><\/p>\n<p>Voici \u00e9galement le <em>communiqu\u00e9 diffus\u00e9 aujourd&rsquo;hui par le minist\u00e8re de la Sant\u00e9 et Services sociaux.<\/em><\/p>\n<p>QU\u00c9BEC, le\u00a0<span class=\"xn-chron\">23 sept. 2021<\/span>\u00a0&#8211; Le premier ministre du Qu\u00e9bec, Fran\u00e7ois Legault, accompagn\u00e9 du ministre de la Sant\u00e9 et des Services sociaux, Christian Dub\u00e9, et de la pr\u00e9sidente du Conseil du tr\u00e9sor,\u00a0<span class=\"xn-person\">Sonia LeBel<\/span>, a annonc\u00e9 aujourd&rsquo;hui un nouveau mod\u00e8le de gestion et des incitatifs pour la r\u00e9tention et l&rsquo;attraction de personnel visant \u00e0 mieux r\u00e9pondre aux besoins du r\u00e9seau de la sant\u00e9 et des services sociaux en mati\u00e8re de soins infirmiers et cardiorespiratoires.<!--more--><\/p>\n<p>Dans le but d&rsquo;am\u00e9liorer les conditions de travail des infirmi\u00e8res qui \u0153uvrent pr\u00e9sentement dans le r\u00e9seau et d&rsquo;attirer de nouvelles personnes dans la profession, le gouvernement met de l&rsquo;avant une d\u00e9marche concr\u00e8te. La situation actuelle n\u00e9cessite la mise en place de mesures imm\u00e9diates fortes et signifiantes, inspir\u00e9es des meilleures pratiques. Ces mesures permettront d&rsquo;am\u00e9liorer la conciliation travail et vie personnelle des infirmi\u00e8res ainsi que la consolidation des \u00e9quipes, d&rsquo;offrir des horaires stables et pr\u00e9visibles, et de diminuer la charge de travail.<\/p>\n<p>Ces mesures sont \u00e9galement en coh\u00e9rence avec les ententes convenues avec certains syndicats, notamment avec la F\u00e9d\u00e9ration interprofessionnelle de sant\u00e9 du Qu\u00e9bec (FIQ), puisqu&rsquo;elles visent \u00e0 atteindre les m\u00eames objectifs pour les professionnelles en soins. L&rsquo;annonce d&rsquo;aujourd&rsquo;hui permettra d&rsquo;ajouter des moyens pour atteindre plus rapidement ces m\u00eames objectifs alors que les conventions entreront en vigueur prochainement.<\/p>\n<p><b>\u00c9limination du temps suppl\u00e9mentaire obligatoire et diminution du recours aux agences de placement priv\u00e9es<\/b><\/p>\n<p>La d\u00e9marche vise premi\u00e8rement \u00e0 augmenter le personnel travaillant \u00e0 temps plein. En favorisant la r\u00e9tention du personnel et en allant chercher de nouvelles ressources, le temps suppl\u00e9mentaire obligatoire pourra \u00eatre \u00e9limin\u00e9. Pour rendre les emplois du r\u00e9seau public plus attrayants, les employ\u00e9s provenant des agences de placement priv\u00e9es se verront offrir principalement les plages horaires d\u00e9favorables (soirs, nuits, fins de semaine). Aussi, des agents administratifs seront embauch\u00e9s en services cliniques dans les prochaines semaines afin de lib\u00e9rer les infirmi\u00e8res de ces t\u00e2ches.<\/p>\n<p>L&rsquo;objectif est d&rsquo;assurer l&rsquo;attraction et la r\u00e9tention du personnel, gr\u00e2ce \u00e0 des initiatives qui permettront de diminuer rapidement la pression sur les \u00e9quipes de travail et de r\u00e9\u00e9quilibrer la charge de travail du personnel pour les secteurs et quarts de travail plus critiques, entre autres dans les r\u00e9gions o\u00f9 la p\u00e9nurie est plus marqu\u00e9e, par exemple en Abitibi-T\u00e9miscamingue, sur la C\u00f4te-Nord, en Gasp\u00e9sie-\u00cele-de-la-Madeleine, en Outaouais, au Nunavik et dans le territoire des Terres-Cries-de-la-Baie-James.<\/p>\n<p><b>Primes financi\u00e8res et horaires plus stables<\/b><\/p>\n<p>Il manque l&rsquo;\u00e9quivalent de 4300\u00a0infirmi\u00e8res dans le r\u00e9seau. Pour combler les besoins plus critiques, plusieurs incitatifs d&rsquo;attraction et de r\u00e9tention sont offerts au personnel de la cat\u00e9gorie 1, comme les infirmi\u00e8res, infirmi\u00e8res auxiliaires, inhaloth\u00e9rapeutes et perfusionnistes cliniques\u00a0:<\/p>\n<ul type=\"disc\">\n<li>Plus de personnel \u00e0 temps complet;<\/li>\n<li>Augmentation de la semaine r\u00e9guli\u00e8re de travail \u00e0 37,5 heures par semaine;<\/li>\n<li>Montant forfaitaire pour le nouveau personnel de 12\u00a0000 \u00e0 15\u00a0000\u00a0$ en fonction de la r\u00e9gion;<\/li>\n<li>Montant forfaitaire de 15\u00a0000\u00a0\u00e0 18\u00a0000\u00a0$ pour tout le personnel \u00e0 temps complet d\u00e9j\u00e0 \u00e0 l&#8217;emploi du RSSS.<\/li>\n<\/ul>\n<p><b>Autogestion des horaires<\/b><\/p>\n<p>Cette d\u00e9marche n\u00e9cessitera un changement de culture au sein du r\u00e9seau de la sant\u00e9 et des services sociaux, notamment en donnant plus d&rsquo;autonomie au personnel pour la conception des horaires de travail en permettant, par exemple, l&rsquo;autogestion de ceux-ci par le personnel lui-m\u00eame.<\/p>\n<p><b>Citations :<\/b><\/p>\n<p>\u00ab\u00a0Avec toutes ces mesures, nous allons r\u00e9duire de fa\u00e7on tr\u00e8s importante le recours au temps suppl\u00e9mentaire obligatoire ainsi que l&rsquo;utilisation des agences de placement priv\u00e9es. Nous allons r\u00e9organiser le travail des infirmi\u00e8res comme elles le demandent depuis longtemps en leur offrant des horaires pr\u00e9visibles qui permettront la conciliation travail-famille. Nous mettons en place les moyens n\u00e9cessaires pour enfin traiter nos infirmi\u00e8res comme il se doit. Les infirmi\u00e8res prennent soin de nous depuis longtemps et c&rsquo;est \u00e0 notre tour de prendre soin d&rsquo;elles.\u00a0\u00bb<\/p>\n<p><i>Fran\u00e7ois Legault, premier ministre du Qu\u00e9bec<\/i><\/p>\n<p>\u00ab\u00a0La p\u00e9nurie de personnel dans notre r\u00e9seau de sant\u00e9 n&rsquo;a fait que s&rsquo;aggraver depuis les 18\u00a0derniers mois. Il nous faut maintenant changer les choses et passer \u00e0 un nouveau mod\u00e8le de gestion ax\u00e9 sur la stabilit\u00e9. Les mesures que nous mettons en place contribueront \u00e0 diminuer la pression sur les \u00e9quipes de travail et \u00e0 r\u00e9\u00e9quilibrer la charge de travail du personnel. On doit offrir \u00e0 notre personnel des conditions d&rsquo;exercice qui permettront \u00e0 la fois de mieux r\u00e9pondre aux besoins de la population et de pr\u00e9server un meilleur \u00e9quilibre entre le travail et leur vie personnelle.\u00a0\u00bb<\/p>\n<p><i>Christian Dub\u00e9, ministre de la Sant\u00e9 et des Services sociaux<\/i><\/p>\n<p>\u00ab\u00a0Les mesures incitatives annonc\u00e9es permettront de couvrir les besoins les plus criants en mati\u00e8re de sant\u00e9, dans des secteurs ou dans des r\u00e9gions plus critiques. Elles motiveront par exemple le retour de professionnels \u00e0 la retraite ou ayant quitt\u00e9 leur poste pour le priv\u00e9 \u00e0 revenir pr\u00eater main-forte \u00e0 nos \u00e9quipes. Cela se veut une passerelle pour soutenir la mise en place des dispositions pr\u00e9vues \u00e0 la nouvelle convention qui nous permettra d&rsquo;avoir un impact rapide, efficace et imm\u00e9diat. Avec ce plan, nous d\u00e9montrons ainsi tout notre soutien envers les professionnels en soins, qui sont le c\u0153ur de notre r\u00e9seau.\u00a0\u00bb<\/p>\n<p><i><span class=\"xn-person\">Sonia LeBel<\/span>, pr\u00e9sidente du Conseil du tr\u00e9sor<\/i><\/p>\n<p>&nbsp;<\/p>\n","protected":false},"excerpt":{"rendered":"<p>D\u00e8s aujourd\u2019hui, le CISSS de la Mont\u00e9r\u00e9gie-Centre souhaite\u00a0annoncer aux infirmi\u00e8res, infirmi\u00e8res auxiliaires,\u00a0inhaloth\u00e9rapeutes\u00a0et\u00a0perfusionnistes, retrait\u00e9s ou qui travaillent \u00e0 l&rsquo;ext\u00e9rieur du r\u00e9seau,\u00a0que ses\u00a0\u00e9quipes sont pr\u00eates \u00e0 les accueillir. Nous vous invitons \u00e0 partager cette information aux personnes de votre entourage. Pour tous &hellip; <a href=\"https:\/\/santemc.quebec\/icentre\/main-doeuvre-dans-le-reseau-de-la-sante-quebec-annonce-une-serie-de-mesures-pour-ameliorer-les-conditions-dexercice-des-infirmieres\/\">Continuer la lecture <span class=\"meta-nav\">&rarr;<\/span><\/a><\/p>\n","protected":false},"author":1,"featured_media":0,"comment_status":"open","ping_status":"closed","sticky":false,"template":"","format":"standard","meta":{"footnotes":""},"categories":[1],"tags":[],"_links":{"self":[{"href":"https:\/\/santemc.quebec\/icentre\/wp-json\/wp\/v2\/posts\/198697"}],"collection":[{"href":"https:\/\/santemc.quebec\/icentre\/wp-json\/wp\/v2\/posts"}],"about":[{"href":"https:\/\/santemc.quebec\/icentre\/wp-json\/wp\/v2\/types\/post"}],"author":[{"embeddable":true,"href":"https:\/\/santemc.quebec\/icentre\/wp-json\/wp\/v2\/users\/1"}],"replies":[{"embeddable":true,"href":"https:\/\/santemc.quebec\/icentre\/wp-json\/wp\/v2\/comments?post=198697"}],"version-history":[{"count":10,"href":"https:\/\/santemc.quebec\/icentre\/wp-json\/wp\/v2\/posts\/198697\/revisions"}],"predecessor-version":[{"id":198722,"href":"https:\/\/santemc.quebec\/icentre\/wp-json\/wp\/v2\/posts\/198697\/revisions\/198722"}],"wp:attachment":[{"href":"https:\/\/santemc.quebec\/icentre\/wp-json\/wp\/v2\/media?parent=198697"}],"wp:term":[{"taxonomy":"category","embeddable":true,"href":"https:\/\/santemc.quebec\/icentre\/wp-json\/wp\/v2\/categories?post=198697"},{"taxonomy":"post_tag","embeddable":true,"href":"https:\/\/santemc.quebec\/icentre\/wp-json\/wp\/v2\/tags?post=198697"}],"curies":[{"name":"wp","href":"https:\/\/api.w.org\/{rel}","templated":true}]}}