{"id":198723,"date":"2021-09-24T16:16:48","date_gmt":"2021-09-24T20:16:48","guid":{"rendered":"https:\/\/santemc.quebec\/icentre\/?p=198723"},"modified":"2021-09-24T16:16:48","modified_gmt":"2021-09-24T20:16:48","slug":"le-prix-releve-infirmiere-de-lordre-regional-des-infirmieres-et-infirmiers-de-la-monteregie-oriim-remis-a-une-ips-du-cisssmc","status":"publish","type":"post","link":"https:\/\/santemc.quebec\/icentre\/le-prix-releve-infirmiere-de-lordre-regional-des-infirmieres-et-infirmiers-de-la-monteregie-oriim-remis-a-une-ips-du-cisssmc\/","title":{"rendered":"Le prix Rel\u00e8ve Infirmi\u00e8re de l\u2019Ordre r\u00e9gional des infirmi\u00e8res et infirmiers de la Mont\u00e9r\u00e9gie (ORIIM) remis \u00e0 une IPS du CISSSMC!"},"content":{"rendered":"<p>Meriem Sid Mohand, infirmi\u00e8re praticienne sp\u00e9cialis\u00e9e (IPS) au CISSSMC depuis plus d\u2019un an, a re\u00e7u le prix <em>Rel\u00e8ve Infirmi\u00e8re<\/em> de l\u2019ORIIM.<\/p>\n<p><!--more--><\/p>\n<p>Depuis son arriv\u00e9e au CISSS, elle s\u2019est d\u00e9marqu\u00e9e par son leadership et son approche humaine. Bien qu\u2019IPS depuis peu, elle agit dans l\u2019organisation en tant que fi\u00e8re repr\u00e9sentante de sa profession et s\u2019implique au sein de diff\u00e9rents comit\u00e9s, en plus de promouvoir habilement le r\u00f4le maintenant d\u00e9volu aux IPS. Elle vient d\u2019ailleurs d\u2019\u00eatre accept\u00e9e au doctorat en sciences infirmi\u00e8res \u00e0 l&rsquo;Universit\u00e9 de Sherbrooke.<\/p>\n<p>Excellente vulgarisatrice des enjeux rencontr\u00e9s sur le terrain, elle est une ardente d\u00e9fenderesse de l\u2019acc\u00e8s aux soins et services. Anim\u00e9e par le d\u00e9sir d\u2019offrir un service exemplaire aux patients qu\u2019elle traite, madame Sid Mohand est une figure positive, comp\u00e9tente et responsable au sein de notre organisation.<\/p>\n<p>Notons que le Prix Rel\u00e8ve de l\u2019ORIIM vise \u00e0 mettre en valeur de jeunes infirmi\u00e8res et infirmiers qui se d\u00e9marquent dans la profession. Il est aussi un moyen pour faciliter l\u2019int\u00e9gration des nouvelles infirmi\u00e8res et favoriser leur r\u00e9tention. Il r\u00e9compense l\u2019implication ainsi que la contribution \u00e0 l\u2019avancement de la profession.<\/p>\n<p>F\u00e9licitations Meriem!<\/p>\n<div id=\"attachment_198725\" style=\"width: 310px\" class=\"wp-caption alignleft\"><a href=\"https:\/\/santemc.quebec\/santemc\/icentre\/wp-content\/uploads\/2021\/09\/gagnante_prix_releve_infirmiere.jpg\"><img aria-describedby=\"caption-attachment-198725\" decoding=\"async\" loading=\"lazy\" class=\"size-medium wp-image-198725\" src=\"https:\/\/santemc.quebec\/santemc\/icentre\/wp-content\/uploads\/2021\/09\/gagnante_prix_releve_infirmiere-300x297.jpg\" alt=\"\" width=\"300\" height=\"297\" srcset=\"https:\/\/santemc.quebec\/santemc\/icentre\/wp-content\/uploads\/2021\/09\/gagnante_prix_releve_infirmiere-300x297.jpg 300w, https:\/\/santemc.quebec\/santemc\/icentre\/wp-content\/uploads\/2021\/09\/gagnante_prix_releve_infirmiere-150x150.jpg 150w, https:\/\/santemc.quebec\/santemc\/icentre\/wp-content\/uploads\/2021\/09\/gagnante_prix_releve_infirmiere-303x300.jpg 303w, https:\/\/santemc.quebec\/santemc\/icentre\/wp-content\/uploads\/2021\/09\/gagnante_prix_releve_infirmiere.jpg 426w\" sizes=\"(max-width: 300px) 100vw, 300px\" \/><\/a><p id=\"caption-attachment-198725\" class=\"wp-caption-text\">Meriem Sid Mohand, r\u00e9cipiendaire du prix Rel\u00e8ve Infirmi\u00e8re, de l\u2019Ordre r\u00e9gional des infirmi\u00e8res et infirmiers de la Mont\u00e9r\u00e9gie (ORIIM)<\/p><\/div>\n","protected":false},"excerpt":{"rendered":"<p>Meriem Sid Mohand, infirmi\u00e8re praticienne sp\u00e9cialis\u00e9e (IPS) au CISSSMC depuis plus d\u2019un an, a re\u00e7u le prix Rel\u00e8ve Infirmi\u00e8re de l\u2019ORIIM.<\/p>\n","protected":false},"author":9,"featured_media":0,"comment_status":"open","ping_status":"closed","sticky":false,"template":"","format":"standard","meta":{"footnotes":""},"categories":[1],"tags":[],"_links":{"self":[{"href":"https:\/\/santemc.quebec\/icentre\/wp-json\/wp\/v2\/posts\/198723"}],"collection":[{"href":"https:\/\/santemc.quebec\/icentre\/wp-json\/wp\/v2\/posts"}],"about":[{"href":"https:\/\/santemc.quebec\/icentre\/wp-json\/wp\/v2\/types\/post"}],"author":[{"embeddable":true,"href":"https:\/\/santemc.quebec\/icentre\/wp-json\/wp\/v2\/users\/9"}],"replies":[{"embeddable":true,"href":"https:\/\/santemc.quebec\/icentre\/wp-json\/wp\/v2\/comments?post=198723"}],"version-history":[{"count":2,"href":"https:\/\/santemc.quebec\/icentre\/wp-json\/wp\/v2\/posts\/198723\/revisions"}],"predecessor-version":[{"id":198726,"href":"https:\/\/santemc.quebec\/icentre\/wp-json\/wp\/v2\/posts\/198723\/revisions\/198726"}],"wp:attachment":[{"href":"https:\/\/santemc.quebec\/icentre\/wp-json\/wp\/v2\/media?parent=198723"}],"wp:term":[{"taxonomy":"category","embeddable":true,"href":"https:\/\/santemc.quebec\/icentre\/wp-json\/wp\/v2\/categories?post=198723"},{"taxonomy":"post_tag","embeddable":true,"href":"https:\/\/santemc.quebec\/icentre\/wp-json\/wp\/v2\/tags?post=198723"}],"curies":[{"name":"wp","href":"https:\/\/api.w.org\/{rel}","templated":true}]}}