{"id":198833,"date":"2021-09-27T16:33:49","date_gmt":"2021-09-27T20:33:49","guid":{"rendered":"https:\/\/santemc.quebec\/icentre\/?p=198833"},"modified":"2021-09-28T08:37:17","modified_gmt":"2021-09-28T12:37:17","slug":"le-cap-du-million-de-dollars-franchi-pour-le-defi-des-generations","status":"publish","type":"post","link":"https:\/\/santemc.quebec\/icentre\/le-cap-du-million-de-dollars-franchi-pour-le-defi-des-generations\/","title":{"rendered":"Le cap du million de dollars franchi pour le D\u00e9fi des g\u00e9n\u00e9rations!"},"content":{"rendered":"<p><a href=\"https:\/\/santemc.quebec\/santemc\/icentre\/wp-content\/uploads\/2021\/09\/thumbnail_image002.jpg\"><img decoding=\"async\" loading=\"lazy\" class=\"aligncenter wp-image-198839 size-large\" src=\"https:\/\/santemc.quebec\/santemc\/icentre\/wp-content\/uploads\/2021\/09\/thumbnail_image002-1024x378.jpg\" alt=\"\" width=\"584\" height=\"216\" srcset=\"https:\/\/santemc.quebec\/santemc\/icentre\/wp-content\/uploads\/2021\/09\/thumbnail_image002-1024x378.jpg 1024w, https:\/\/santemc.quebec\/santemc\/icentre\/wp-content\/uploads\/2021\/09\/thumbnail_image002-300x111.jpg 300w, https:\/\/santemc.quebec\/santemc\/icentre\/wp-content\/uploads\/2021\/09\/thumbnail_image002-768x284.jpg 768w, https:\/\/santemc.quebec\/santemc\/icentre\/wp-content\/uploads\/2021\/09\/thumbnail_image002-500x185.jpg 500w, https:\/\/santemc.quebec\/santemc\/icentre\/wp-content\/uploads\/2021\/09\/thumbnail_image002.jpg 1280w\" sizes=\"(max-width: 584px) 100vw, 584px\" \/><\/a> C\u2019est le 25 septembre dernier que se terminait la 2e \u00e9dition du D\u00e9fi des g\u00e9n\u00e9rations organis\u00e9 par la Fondation H\u00f4pital Charles-LeMoyne, la Fondation H\u00f4pital Pierre-Boucher, la Fondation H\u00f4tel-Dieu de Sorel et la Fondation Anna-Laberge. Propuls\u00e9 r\u00e9gionalement par la Banque Nationale, Couche-Tard et Lowe\u2019s Canada, le d\u00e9fi a permis d\u2019amasser 550 000 $, de rallier pr\u00e8s de 500 participants et de mobiliser des milliers de donateurs. Merci pour tous nos patients et leurs familles!<!--more--><\/p>\n<p>Au cours des deux derni\u00e8res ann\u00e9es et gr\u00e2ce \u00e0 la g\u00e9n\u00e9rosit\u00e9 inestimable de la population, le D\u00e9fi des g\u00e9n\u00e9rations a recueilli plus d\u2019un million de dollars afin d\u2019offrir l\u2019acc\u00e8s aux meilleurs soins de sant\u00e9 possibles en :<\/p>\n<ul>\n<li>encourageant la recherche;<\/li>\n<li>soutenant la sant\u00e9 mentale de la population;<\/li>\n<li>favorisant l\u2019innovation;<\/li>\n<li>contribuant au bien-\u00eatre des patients et des \u00e9quipes m\u00e9dicales;<\/li>\n<li>assurant l\u2019accompagnement des personnes \u00e2g\u00e9es.<\/li>\n<\/ul>\n<p>En plus de collecter des fonds pour leur h\u00f4pital, les participants se sont d\u00e9pass\u00e9s en r\u00e9alisant un d\u00e9fi sur les saines habitudes de vie \u00e0 leur image. Des \u00e9quipes se sont \u00e9galement mobilis\u00e9es tout au long de l&rsquo;\u00e9t\u00e9 en se fixant des objectifs r\u00e9alistes, mais ambitieux et inspirants. Ils ont r\u00e9ussi \u00e0 d\u00e9passer leur limite gr\u00e2ce au mouvement collectif du D\u00e9fi et \u00e0 leur but commun de venir en aide \u00e0 leurs h\u00f4pitaux respectifs. Encore une fois, ils ont d\u00e9montr\u00e9 toute leur cr\u00e9ativit\u00e9 et leur solidarit\u00e9 envers leur fondation!<\/p>\n<p>Fortes de ce franc succ\u00e8s et de cet \u00e9lan de g\u00e9n\u00e9rosit\u00e9 sans pr\u00e9c\u00e9dent, les fondations participantes vous donnent rendez-vous pour le D\u00e9fi des g\u00e9n\u00e9rations qui se tiendra au printemps 2022 et comptent bien que d\u2019autres fondations hospitali\u00e8res se joignent \u00e0 ce grand mouvement de solidarit\u00e9 en faveur de nos h\u00f4pitaux!<\/p>\n<p>&nbsp;<\/p>\n","protected":false},"excerpt":{"rendered":"<p>C\u2019est le 25 septembre dernier que se terminait la 2e \u00e9dition du D\u00e9fi des g\u00e9n\u00e9rations organis\u00e9 par la Fondation H\u00f4pital Charles-LeMoyne, la Fondation H\u00f4pital Pierre-Boucher, la Fondation H\u00f4tel-Dieu de Sorel et la Fondation Anna-Laberge. Propuls\u00e9 r\u00e9gionalement par la Banque Nationale, &hellip; <a href=\"https:\/\/santemc.quebec\/icentre\/le-cap-du-million-de-dollars-franchi-pour-le-defi-des-generations\/\">Continuer la lecture <span class=\"meta-nav\">&rarr;<\/span><\/a><\/p>\n","protected":false},"author":1,"featured_media":0,"comment_status":"open","ping_status":"closed","sticky":false,"template":"","format":"standard","meta":{"footnotes":""},"categories":[1],"tags":[],"_links":{"self":[{"href":"https:\/\/santemc.quebec\/icentre\/wp-json\/wp\/v2\/posts\/198833"}],"collection":[{"href":"https:\/\/santemc.quebec\/icentre\/wp-json\/wp\/v2\/posts"}],"about":[{"href":"https:\/\/santemc.quebec\/icentre\/wp-json\/wp\/v2\/types\/post"}],"author":[{"embeddable":true,"href":"https:\/\/santemc.quebec\/icentre\/wp-json\/wp\/v2\/users\/1"}],"replies":[{"embeddable":true,"href":"https:\/\/santemc.quebec\/icentre\/wp-json\/wp\/v2\/comments?post=198833"}],"version-history":[{"count":7,"href":"https:\/\/santemc.quebec\/icentre\/wp-json\/wp\/v2\/posts\/198833\/revisions"}],"predecessor-version":[{"id":198864,"href":"https:\/\/santemc.quebec\/icentre\/wp-json\/wp\/v2\/posts\/198833\/revisions\/198864"}],"wp:attachment":[{"href":"https:\/\/santemc.quebec\/icentre\/wp-json\/wp\/v2\/media?parent=198833"}],"wp:term":[{"taxonomy":"category","embeddable":true,"href":"https:\/\/santemc.quebec\/icentre\/wp-json\/wp\/v2\/categories?post=198833"},{"taxonomy":"post_tag","embeddable":true,"href":"https:\/\/santemc.quebec\/icentre\/wp-json\/wp\/v2\/tags?post=198833"}],"curies":[{"name":"wp","href":"https:\/\/api.w.org\/{rel}","templated":true}]}}