{"id":198896,"date":"2021-09-29T12:56:24","date_gmt":"2021-09-29T16:56:24","guid":{"rendered":"https:\/\/santemc.quebec\/icentre\/?p=198896"},"modified":"2021-09-29T12:56:24","modified_gmt":"2021-09-29T16:56:24","slug":"covid-19-mise-a-jour-de-la-foire-aux-questions-17","status":"publish","type":"post","link":"https:\/\/santemc.quebec\/icentre\/covid-19-mise-a-jour-de-la-foire-aux-questions-17\/","title":{"rendered":"COVID-19 : Mise \u00e0 jour de la Foire aux questions"},"content":{"rendered":"<p>D&rsquo;importantes informations ont \u00e9t\u00e9 ajout\u00e9es aux sections suivantes :<\/p>\n<ul>\n<li>Mesures concernant les enfants<\/li>\n<li>Sympt\u00f4mes, test d\u00e9pistage, isolement et retour au travail<\/li>\n<li>Couverture vaccinale des travailleurs de la sant\u00e9<\/li>\n<\/ul>\n<p><a href=\"https:\/\/santemc.quebec\/icentre\/?page_id=185406\" target=\"_blank\" rel=\"noopener\">Lire la Foire aux questions des employ\u00e9s<\/a><\/p>\n","protected":false},"excerpt":{"rendered":"<p>D&rsquo;importantes informations ont \u00e9t\u00e9 ajout\u00e9es aux sections suivantes : Mesures concernant les enfants Sympt\u00f4mes, test d\u00e9pistage, isolement et retour au travail Couverture vaccinale des travailleurs de la sant\u00e9 Lire la Foire aux questions des employ\u00e9s<\/p>\n","protected":false},"author":33,"featured_media":0,"comment_status":"open","ping_status":"closed","sticky":false,"template":"","format":"standard","meta":{"footnotes":""},"categories":[1],"tags":[],"_links":{"self":[{"href":"https:\/\/santemc.quebec\/icentre\/wp-json\/wp\/v2\/posts\/198896"}],"collection":[{"href":"https:\/\/santemc.quebec\/icentre\/wp-json\/wp\/v2\/posts"}],"about":[{"href":"https:\/\/santemc.quebec\/icentre\/wp-json\/wp\/v2\/types\/post"}],"author":[{"embeddable":true,"href":"https:\/\/santemc.quebec\/icentre\/wp-json\/wp\/v2\/users\/33"}],"replies":[{"embeddable":true,"href":"https:\/\/santemc.quebec\/icentre\/wp-json\/wp\/v2\/comments?post=198896"}],"version-history":[{"count":1,"href":"https:\/\/santemc.quebec\/icentre\/wp-json\/wp\/v2\/posts\/198896\/revisions"}],"predecessor-version":[{"id":198897,"href":"https:\/\/santemc.quebec\/icentre\/wp-json\/wp\/v2\/posts\/198896\/revisions\/198897"}],"wp:attachment":[{"href":"https:\/\/santemc.quebec\/icentre\/wp-json\/wp\/v2\/media?parent=198896"}],"wp:term":[{"taxonomy":"category","embeddable":true,"href":"https:\/\/santemc.quebec\/icentre\/wp-json\/wp\/v2\/categories?post=198896"},{"taxonomy":"post_tag","embeddable":true,"href":"https:\/\/santemc.quebec\/icentre\/wp-json\/wp\/v2\/tags?post=198896"}],"curies":[{"name":"wp","href":"https:\/\/api.w.org\/{rel}","templated":true}]}}