{"id":198909,"date":"2021-10-01T10:29:25","date_gmt":"2021-10-01T14:29:25","guid":{"rendered":"https:\/\/santemc.quebec\/icentre\/?p=198909"},"modified":"2021-10-01T13:22:21","modified_gmt":"2021-10-01T17:22:21","slug":"covid-19-nouveaux-documents-pci-2-copy-copy-2-copy-2-copy-2-copy-copy-copy-copy-copy-copy-copy-copy-copy-2-copy-copy-copy-copy","status":"publish","type":"post","link":"https:\/\/santemc.quebec\/icentre\/covid-19-nouveaux-documents-pci-2-copy-copy-2-copy-2-copy-2-copy-copy-copy-copy-copy-copy-copy-copy-copy-2-copy-copy-copy-copy\/","title":{"rendered":"COVID-19 : Mise \u00e0 jour de documents PCI"},"content":{"rendered":"<ul>\n<li><a href=\"https:\/\/santemc.quebec\/icentre\/wp-content\/uploads\/documents\/PCI\/Criteres_determinants_si_usagers_retablis_COVID-19.pdf\" target=\"_blank\" rel=\"noopener noreferrer\">Crit\u00e8res d\u00e9terminants si un usager est r\u00e9tabli de la COVID-19<\/a><\/li>\n<li><a class=\"pdf\" href=\"https:\/\/santemc.quebec\/icentre\/wp-content\/uploads\/documents\/PCI\/Gestion_lits_COVID19_unites_soins_incluant_pediatrie.pdf\" target=\"_blank\" rel=\"noopener noreferrer\">Gestion de lits COVID-19 pour les unit\u00e9s de soins, incluant la p\u00e9diatrie<\/a><\/li>\n<li><a class=\"pdf\" href=\"https:\/\/santemc.quebec\/icentre\/wp-content\/uploads\/documents\/PCI\/Trajectoire_PCI_COVID19.pdf\" target=\"_blank\" rel=\"noopener noreferrer\">Trajectoire m\u00e9dicale \u2013 COVID-19\u00a0<\/a><\/li>\n<li><a href=\"https:\/\/santemc.quebec\/icentre\/wp-content\/uploads\/documents\/PCI\/Proc%C3%A9dure%20Gestion%20de%20lit%20CISSS%20-%20CHSLD.pdf\" target=\"_blank\" rel=\"noopener\">Directive de gestion des lits et des pr\u00e9cautions additionnelles en centre d\u2019h\u00e9bergement de soins de longue dur\u00e9e (CHSLD) en lien avec la pr\u00e9vention et le contr\u00f4le des infections (PCI) &#8211; PCI-001<\/a><\/li>\n<li><a href=\"https:\/\/santemc.quebec\/icentre\/wp-content\/uploads\/documents\/PCI\/Proc%C3%A9dure%20Gestion%20de%20lit%20CISSS%20-%20R%C3%A9adaptation.pdf\" target=\"_blank\" rel=\"noopener\">Directive de gestion des lits et des pr\u00e9cautions additionnelles en centre de r\u00e9adaptation ((Centre St-Lambert, unit\u00e9 de r\u00e9adaptation fonctionnelle intensive (URFI) et unit\u00e9 transitoire de r\u00e9cup\u00e9ration fonctionnelle (UTRF)) en lien avec la pr\u00e9vention et le contr\u00f4le des infections (PCI) &#8211; PCI-002<\/a><\/li>\n<\/ul>\n<p>Consultez la page <a href=\"https:\/\/santemc.quebec\/icentre\/?page_id=185510\" target=\"_blank\" rel=\"noopener noreferrer\">Documentation<\/a> de notre section Coronavirus (COVID-19) &#8211; Information aux employ\u00e9s.<\/p>\n","protected":false},"excerpt":{"rendered":"<p>Crit\u00e8res d\u00e9terminants si un usager est r\u00e9tabli de la COVID-19 Gestion de lits COVID-19 pour les unit\u00e9s de soins, incluant la p\u00e9diatrie Trajectoire m\u00e9dicale \u2013 COVID-19\u00a0 Directive de gestion des lits et des pr\u00e9cautions additionnelles en centre d\u2019h\u00e9bergement de soins &hellip; <a href=\"https:\/\/santemc.quebec\/icentre\/covid-19-nouveaux-documents-pci-2-copy-copy-2-copy-2-copy-2-copy-copy-copy-copy-copy-copy-copy-copy-copy-2-copy-copy-copy-copy\/\">Continuer la lecture <span class=\"meta-nav\">&rarr;<\/span><\/a><\/p>\n","protected":false},"author":1,"featured_media":0,"comment_status":"open","ping_status":"closed","sticky":false,"template":"","format":"standard","meta":{"footnotes":""},"categories":[1],"tags":[],"_links":{"self":[{"href":"https:\/\/santemc.quebec\/icentre\/wp-json\/wp\/v2\/posts\/198909"}],"collection":[{"href":"https:\/\/santemc.quebec\/icentre\/wp-json\/wp\/v2\/posts"}],"about":[{"href":"https:\/\/santemc.quebec\/icentre\/wp-json\/wp\/v2\/types\/post"}],"author":[{"embeddable":true,"href":"https:\/\/santemc.quebec\/icentre\/wp-json\/wp\/v2\/users\/1"}],"replies":[{"embeddable":true,"href":"https:\/\/santemc.quebec\/icentre\/wp-json\/wp\/v2\/comments?post=198909"}],"version-history":[{"count":3,"href":"https:\/\/santemc.quebec\/icentre\/wp-json\/wp\/v2\/posts\/198909\/revisions"}],"predecessor-version":[{"id":198927,"href":"https:\/\/santemc.quebec\/icentre\/wp-json\/wp\/v2\/posts\/198909\/revisions\/198927"}],"wp:attachment":[{"href":"https:\/\/santemc.quebec\/icentre\/wp-json\/wp\/v2\/media?parent=198909"}],"wp:term":[{"taxonomy":"category","embeddable":true,"href":"https:\/\/santemc.quebec\/icentre\/wp-json\/wp\/v2\/categories?post=198909"},{"taxonomy":"post_tag","embeddable":true,"href":"https:\/\/santemc.quebec\/icentre\/wp-json\/wp\/v2\/tags?post=198909"}],"curies":[{"name":"wp","href":"https:\/\/api.w.org\/{rel}","templated":true}]}}