{"id":198916,"date":"2021-10-01T13:27:24","date_gmt":"2021-10-01T17:27:24","guid":{"rendered":"https:\/\/santemc.quebec\/icentre\/?p=198916"},"modified":"2021-10-01T13:57:48","modified_gmt":"2021-10-01T17:57:48","slug":"1er-octobre-journee-internationale-des-personnes-agees","status":"publish","type":"post","link":"https:\/\/santemc.quebec\/icentre\/1er-octobre-journee-internationale-des-personnes-agees\/","title":{"rendered":"1er octobre : Journ\u00e9e internationale des personnes \u00e2g\u00e9es"},"content":{"rendered":"<p><a href=\"https:\/\/santemc.quebec\/santemc\/icentre\/wp-content\/uploads\/2021\/09\/couple_2.jpg\"><img decoding=\"async\" loading=\"lazy\" class=\"size-medium wp-image-198920 alignleft\" src=\"https:\/\/santemc.quebec\/santemc\/icentre\/wp-content\/uploads\/2021\/09\/couple_2-300x200.jpg\" alt=\"\" width=\"300\" height=\"200\" srcset=\"https:\/\/santemc.quebec\/santemc\/icentre\/wp-content\/uploads\/2021\/09\/couple_2-300x200.jpg 300w, https:\/\/santemc.quebec\/santemc\/icentre\/wp-content\/uploads\/2021\/09\/couple_2-450x300.jpg 450w, https:\/\/santemc.quebec\/santemc\/icentre\/wp-content\/uploads\/2021\/09\/couple_2.jpg 736w\" sizes=\"(max-width: 300px) 100vw, 300px\" \/><\/a>Le th\u00e8me de la Journ\u00e9e internationale des personnes \u00e2g\u00e9es des Nations Unies 2021 est \u00ab L&rsquo;\u00e9quit\u00e9 num\u00e9rique pour tous les \u00e2ges \u00bb. Cette journ\u00e9e souligne la n\u00e9cessit\u00e9 pour les personnes \u00e2g\u00e9es d&rsquo;acc\u00e9der et de participer de mani\u00e8re significative au monde num\u00e9rique.<\/p>\n<p><!--more--><\/p>\n<p>Elle nous donne \u00e9galement l\u2019opportunit\u00e9 de reconna\u00eetre et de valoriser la contribution des personnes \u00e2g\u00e9es dans notre soci\u00e9t\u00e9.<\/p>\n<p>Les a\u00een\u00e9s de notre entourage, qu\u2019ils soient usagers, r\u00e9sidents, parents ou proches participent, gr\u00e2ce \u00e0 leur engagement, exp\u00e9rience ou valeurs \u00e0 l\u2019\u00e9volution de notre soci\u00e9t\u00e9. Cette journ\u00e9e c\u00e9l\u00e9br\u00e9e en leur honneur est l\u2019occasion de leur t\u00e9moigner notre reconnaissance et de leur exprimer notre gratitude!<\/p>\n<p>Sur le territoire du CISSSMC, des activit\u00e9s sont organis\u00e9es par les diff\u00e9rentes tables de concertation pour souligner cette journ\u00e9e. \u00c0 titre d\u2019exemple, la Table de concertation des a\u00een\u00e9s du Haut-Richelieu, en collaboration avec des jeunes de l\u2019\u00e9cole secondaire Dr-Alexis-Bouthillier, entre autres, a d\u00e9cid\u00e9 d\u2019offrir des cartes de v\u0153ux \u00e0 3 500 personnes a\u00een\u00e9es vivant dans les CHSLD, r\u00e9sidences priv\u00e9es pour a\u00een\u00e9s (RPA), r\u00e9sidences interm\u00e9diaires (RI) ainsi que dans certains logements pour les gens \u00e0 faible revenu de la r\u00e9gion. Les membres de la table iront livrer les cartes dans les installations concern\u00e9es.<\/p>\n<p><strong>Saviez-vous que?<br \/>\n<\/strong>La lutte \u00e0 la maltraitance et la promotion de la bientraitance est une pr\u00e9occupation de premier plan qui n\u00e9cessite qu\u2019on s\u2019y attarde? En effet, au Canada, on estime que 4 \u00e0 7 % des personnes a\u00een\u00e9es vivent de la maltraitance.<\/p>\n<p>Si vous \u00eates pr\u00e9occup\u00e9 par la situation d\u2019une personne a\u00een\u00e9e dans votre entourage, sachez qu\u2019il existe une foule d\u2019outils d\u2019information pour vous renseigner sur les diff\u00e9rentes fa\u00e7ons de lui apporter votre soutien. Pour en savoir plus, nous vous invitons \u00e0 visiter notre site Internet \u00e0 l\u2019adresse suivante :<br \/>\n<a href=\"https:\/\/santemonteregie.qc.ca\/conseils-sante\/lutte-la-maltraitance\" target=\"_blank\" rel=\"noopener\">https:\/\/santemonteregie.qc.ca\/conseils-sante\/lutte-la-maltraitance<\/a><\/p>\n<p>&nbsp;<\/p>\n","protected":false},"excerpt":{"rendered":"<p>Le th\u00e8me de la Journ\u00e9e internationale des personnes \u00e2g\u00e9es des Nations Unies 2021 est \u00ab L&rsquo;\u00e9quit\u00e9 num\u00e9rique pour tous les \u00e2ges \u00bb. Cette journ\u00e9e souligne la n\u00e9cessit\u00e9 pour les personnes \u00e2g\u00e9es d&rsquo;acc\u00e9der et de participer de mani\u00e8re significative au monde &hellip; <a href=\"https:\/\/santemc.quebec\/icentre\/1er-octobre-journee-internationale-des-personnes-agees\/\">Continuer la lecture <span class=\"meta-nav\">&rarr;<\/span><\/a><\/p>\n","protected":false},"author":9,"featured_media":0,"comment_status":"open","ping_status":"closed","sticky":false,"template":"","format":"standard","meta":{"footnotes":""},"categories":[1],"tags":[],"_links":{"self":[{"href":"https:\/\/santemc.quebec\/icentre\/wp-json\/wp\/v2\/posts\/198916"}],"collection":[{"href":"https:\/\/santemc.quebec\/icentre\/wp-json\/wp\/v2\/posts"}],"about":[{"href":"https:\/\/santemc.quebec\/icentre\/wp-json\/wp\/v2\/types\/post"}],"author":[{"embeddable":true,"href":"https:\/\/santemc.quebec\/icentre\/wp-json\/wp\/v2\/users\/9"}],"replies":[{"embeddable":true,"href":"https:\/\/santemc.quebec\/icentre\/wp-json\/wp\/v2\/comments?post=198916"}],"version-history":[{"count":3,"href":"https:\/\/santemc.quebec\/icentre\/wp-json\/wp\/v2\/posts\/198916\/revisions"}],"predecessor-version":[{"id":198947,"href":"https:\/\/santemc.quebec\/icentre\/wp-json\/wp\/v2\/posts\/198916\/revisions\/198947"}],"wp:attachment":[{"href":"https:\/\/santemc.quebec\/icentre\/wp-json\/wp\/v2\/media?parent=198916"}],"wp:term":[{"taxonomy":"category","embeddable":true,"href":"https:\/\/santemc.quebec\/icentre\/wp-json\/wp\/v2\/categories?post=198916"},{"taxonomy":"post_tag","embeddable":true,"href":"https:\/\/santemc.quebec\/icentre\/wp-json\/wp\/v2\/tags?post=198916"}],"curies":[{"name":"wp","href":"https:\/\/api.w.org\/{rel}","templated":true}]}}