{"id":198931,"date":"2021-10-01T14:15:38","date_gmt":"2021-10-01T18:15:38","guid":{"rendered":"https:\/\/santemc.quebec\/icentre\/?p=198931"},"modified":"2021-10-01T14:18:15","modified_gmt":"2021-10-01T18:18:15","slug":"flash-ca-les-nouvelles-de-la-seance-du-conseil-dadministration-du-2-fevrier-2017-copy-copy-copy-copy-copy-copy-copy-copy-copy-copy-copy-copy-copy-copy-copy-copy-copy-copy-copy-copy-copy-copy-copy-co-2","status":"publish","type":"post","link":"https:\/\/santemc.quebec\/icentre\/flash-ca-les-nouvelles-de-la-seance-du-conseil-dadministration-du-2-fevrier-2017-copy-copy-copy-copy-copy-copy-copy-copy-copy-copy-copy-copy-copy-copy-copy-copy-copy-copy-copy-copy-copy-copy-copy-co-2\/","title":{"rendered":"Flash CA \u2013 Les nouvelles de la s\u00e9ance du conseil d\u2019administration du 23 septembre"},"content":{"rendered":"<p><strong><img decoding=\"async\" loading=\"lazy\" class=\"alignleft wp-image-1416 size-thumbnail\" src=\"http:\/\/santemc.quebec\/santemc\/icentre\/wp-content\/uploads\/2015\/12\/flashcaicentre-150x150.jpg\" alt=\"flashcaicentre\" width=\"150\" height=\"150\" srcset=\"https:\/\/santemc.quebec\/santemc\/icentre\/wp-content\/uploads\/2015\/12\/flashcaicentre-150x150.jpg 150w, https:\/\/santemc.quebec\/santemc\/icentre\/wp-content\/uploads\/2015\/12\/flashcaicentre-300x300.jpg 300w, https:\/\/santemc.quebec\/santemc\/icentre\/wp-content\/uploads\/2015\/12\/flashcaicentre.jpg 400w\" sizes=\"(max-width: 150px) 100vw, 150px\" \/><\/strong>Le Flash CA revient sur les points d&rsquo;information et les grands dossiers organisationnels qui sont discut\u00e9s aux s\u00e9ances publiques du conseil d\u2019administration du CISSS de la Mont\u00e9r\u00e9gie-Centre.<\/p>\n<p>Consultez aussi la <a href=\"https:\/\/santemc.quebec\/santemc\/icentre\/wp-content\/uploads\/2021\/10\/flashCA_20210923.pdf\">version PDF du Flash CA<\/a>.<\/p>\n<p><!--more--><\/p>\n<p><strong style=\"color: #ff6600;\">AFFAIRES FINANCI\u00c8RES<\/strong><\/p>\n<p><b>R\u00e9sultats financiers de l\u2019exercice 2021-2022<br \/>\n<\/b>En date de la p\u00e9riode 5, se terminant le 14 ao\u00fbt 2020, les r\u00e9sultats financiers cumulatifs pr\u00e9sentent un d\u00e9ficit de 8,1\u00a0M$, soit un \u00e9cart d\u00e9favorable de 1,7\u00a0% du budget cumulatif. Celui-ci s\u2019explique par l\u2019augmentation des d\u00e9penses en m\u00e9dicaments on\u00e9reux, notamment les mol\u00e9cules antin\u00e9oplasiques et le Spinraza.<\/p>\n<p><b>Rapport trimestriel 2021-2022<br \/>\n<\/b>Le rapport trimestriel au 31 mars 2021 au fonds d\u2019exploitation pr\u00e9sente l\u2019\u00e9quilibre budg\u00e9taire, \u00e0 l\u2019exception du d\u00e9ficit de 15,8\u00a0M$ d\u00e9coulant de l\u2019augmentation des d\u00e9penses en m\u00e9dicaments on\u00e9reux.<\/p>\n<p><b>R\u00e9gime d\u2019emprunts \u00e0 long terme<br \/>\n<\/b>Le conseil d\u2019administration a autoris\u00e9 que soit institu\u00e9 un r\u00e9gime d\u2019emprunts \u00e0 long terme, valide jusqu\u2019au 31 d\u00e9cembre 2022, aupr\u00e8s du ministre des Finances, \u00e0 titre de responsable du Fonds de financement, pour un montant n\u2019exc\u00e9dant pas 299,3 M$.<\/p>\n<p><b>Co\u00fbts li\u00e9s \u00e0 la pand\u00e9mie<br \/>\n<\/b>Au 14 ao\u00fbt 2021, soit \u00e0 la date de fermeture de la p\u00e9riode 5, les co\u00fbts additionnels cumulatifs reli\u00e9s \u00e0 la COVID-19 pour l\u2019ann\u00e9e 2021-2022 s\u2019\u00e9l\u00e8vent \u00e0 137,4\u00a0M$.<\/p>\n<p><b>Nomination d\u2019un cabinet d\u2019auditeurs ind\u00e9pendants pour l\u2019exercice 2021-2022<br \/>\n<\/b>La firme Raymond Chabot Grant Thornton a \u00e9t\u00e9 retenue \u00e0 titre d\u2019auditeurs ind\u00e9pendants des \u00e9tats financiers pour l\u2019exercice 2021-2022 ainsi que pour le volet Fonds de sant\u00e9 au travail.<\/p>\n<p><strong style=\"color: #ff6600;\">PERFORMANCE ET QUALIT\u00c9<\/strong><\/p>\n<p><b>Portrait synth\u00e8se des incidents et accidents 2020-2021<br \/>\n<\/b>Le conseil a pris acte des donn\u00e9es extraites du Registre local des incidents et accidents li\u00e9s \u00e0 la prestation de soins et services aux usagers du 1er avril 2020 au 19 juin 2021.<\/p>\n<p><b>Plan d\u2019action 2020-2022 \u00e0 l\u2019\u00e9gard de la r\u00e9duction des obstacles \u00e0 l\u2019int\u00e9gration des personnes handicap\u00e9es<br \/>\n<\/b>Ce plan d\u2019action fait \u00e9tat des obstacles qui ont \u00e9t\u00e9 identifi\u00e9s au sein de l\u2019organisation \u00e0 l\u2019int\u00e9gration des personnes handicap\u00e9es et des mesures qui sont prises pour y rem\u00e9dier. Ainsi, le conseil d\u2019administration a pris connaissance du diagnostic \u00e0 la suite de la mise en place du pr\u00e9c\u00e9dent plan d\u2019action, ainsi que du plan d\u2019action pour 2020-2022.<\/p>\n<p><strong style=\"color: #ff6600;\">AFFAIRES COURANTES<\/strong><\/p>\n<p><b>R\u00e8gles de gouvernance<\/b><\/p>\n<p>Les politiques suivantes ont \u00e9t\u00e9 approuv\u00e9es\u00a0:<\/p>\n<ul>\n<li>Politique cadre en gestion int\u00e9gr\u00e9e des risques (DQEPEL-203);<\/li>\n<li>Politique de d\u00e9claration des incidents et des accidents li\u00e9s \u00e0 une prestation de soins et de services aux usagers (DQEPEL-206);<\/li>\n<li>Politique nationale pour les personnes proches aidantes (DQEPEL-208);<\/li>\n<li>Politique sur la s\u00e9curit\u00e9 li\u00e9e aux pompes \u00e0 perfusion (DSI-201);<\/li>\n<li>Politique sur l\u2019utilisation des pompes intelligentes (DSI-202).<\/li>\n<\/ul>\n<p>Le r\u00e8glement suivant a \u00e9t\u00e9 approuv\u00e9\u00a0:<\/p>\n<ul>\n<li>R\u00e8glement de divulgation de l&rsquo;information \u00e0 un usager \u00e0 la suite d&rsquo;un accident dans le cadre d&rsquo;une prestation de soins et de services (R-2018-18).<\/li>\n<\/ul>\n<p><b>Nominations de cadres sup\u00e9rieurs<\/b><\/p>\n<p>Le conseil d\u2019administration a nomm\u00e9\u00a0:<\/p>\n<ul>\n<li>Mme Cathy Lapierre \u00e0 titre de directrice adjointe ressources humaines \u2013 op\u00e9rations;<\/li>\n<li>Mme Jos\u00e9e Paquin \u00e0 titre de directrice adjointe des soins infirmiers \u2013 qualit\u00e9 et \u00e9volution de la pratique;<\/li>\n<li>Dre Catherine Prady, \u00e0 titre de cogestionnaire m\u00e9dicale au programme de canc\u00e9rologie du CISSS de la Mont\u00e9r\u00e9gie-Centre et du R\u00e9seau de canc\u00e9rologie de la Mont\u00e9r\u00e9gie (RCM).<\/li>\n<\/ul>\n<p><b>Conseil des m\u00e9decins, dentistes et pharmaciens (CMDP<\/b><b>)<\/b><\/p>\n<p>Sur recommandation du comit\u00e9 ex\u00e9cutif du CMDP, le conseil a :<\/p>\n<ul>\n<li>nomm\u00e9 4 m\u00e9decins omnipraticiens et<br \/>\n3 m\u00e9decins sp\u00e9cialistes;<\/li>\n<li>modifi\u00e9 les statuts ou privil\u00e8ges de pratique de 5 membres du CMDP;<\/li>\n<li>pris acte des demandes de cong\u00e9 de service de 17 membres du CMDP et du d\u00e9part de 10\u00a0membres du CMDP.<\/li>\n<\/ul>\n<p><b>Autres approbations<\/b><\/p>\n<ul>\n<li>Nominations au registre des signataires autoris\u00e9s de la R\u00e9gie de l\u2019assurance maladie du Qu\u00e9bec (RAMQ);<\/li>\n<li>Octroi d\u2019un contrat de service \u00e0 des sages-femmes;<\/li>\n<li>Octroi du privil\u00e8ge d\u2019exercice de la recherche \u00e0 un membre du personnel;<\/li>\n<li>Renouvellement et nomination de membres du comit\u00e9 d&rsquo;\u00e9thique de la recherche (CER) des \u00e9tablissements du Centre de recherche interdisciplinaire en r\u00e9adaptation (CRIR) pour la p\u00e9riode automne 2021;<\/li>\n<li>Modification du permis d\u2019exploitation de l\u2019\u00e9tablissement selon la d\u00e9claration de la conformit\u00e9 des installations et de leur capacit\u00e9 inscrites au permis d\u2019exploitation du CISSSS de la Mont\u00e9r\u00e9gie-Centre;<\/li>\n<li>Nomination de trois membres et renouvellement du mandat d\u2019un membre au Comit\u00e9 r\u00e9gional pour les programmes d\u2019acc\u00e8s \u00e0 des services de sant\u00e9 et des services sociaux en langue anglaise de la r\u00e9gion de la Mont\u00e9r\u00e9gie.<\/li>\n<\/ul>\n<p><b>Rapports <\/b><b>annuels<\/b><\/p>\n<p>Le conseil d\u2019administration a invit\u00e9 les pr\u00e9sidents des conseils d\u2019administration<br \/>\net les directrices g\u00e9n\u00e9rales des Fondation H\u00f4pital Charles-LeMoyne et Sant\u00e9 Haut-Richelieu\u2013Rouville afin qu\u2019ils puissent pr\u00e9senter leur rapport annuel respectif<br \/>\net les activit\u00e9s r\u00e9alis\u00e9es tout au long de l\u2019ann\u00e9e au b\u00e9n\u00e9fice de la population du territoire\u00a0:<\/p>\n<ul>\n<li>Rapport de gratitude de la Fondation H\u00f4pital Charles-LeMoyne 2020-2021 :<br \/>\n<u><a href=\"https:\/\/rapport-de-gratitude.fhclm.ca\/?_ga=2.107858311.462692653.1632752060-1704044687.1618939522\" target=\"_blank\" rel=\"noopener\">https:\/\/rapport-de-gratitude.fhclm.ca\/?_ga=2.107858311.462692653.1632752060-1704044687.1618939522<\/a><\/u><\/li>\n<\/ul>\n<ul>\n<li>Rapport de gestion de la Fondation Sant\u00e9 Haut-Richelieu\u2013Rouville 2020-2021 :<br \/>\n<u><a href=\"https:\/\/fondationsante.com\/wp-content\/uploads\/2021\/05\/RapportAnnuel2020.pdf\" target=\"_blank\" rel=\"noopener\">https:\/\/fondationsante.com\/wp-content\/uploads\/2021\/05\/RapportAnnuel2020.pdf<\/a><\/u><\/li>\n<\/ul>\n<p>Les rapports suivants ont \u00e9galement \u00e9t\u00e9 d\u00e9pos\u00e9s et pr\u00e9sent\u00e9s au conseil d\u2019administration\u00a0:<\/p>\n<ul>\n<li>Rapport trimestriel des mises sous garde;<\/li>\n<li>Rapport de conformit\u00e9 pour la reconduction du comit\u00e9 d&rsquo;\u00e9thique de la recherche (CER) des \u00e9tablissements du Centre de recherche interdisciplinaire en r\u00e9adaptation (CRIR);<\/li>\n<li>Rapport annuel du conseil des infirmi\u00e8res et infirmiers (CII) 2020-2021;<\/li>\n<li>Rapport annuel du conseil multidisciplinaire (CM) 2020-2021;<\/li>\n<li>Rapport annuel du conseil des sages-femmes (CSF) 2020-2021;<\/li>\n<li>Rapport annuel du comit\u00e9 d&rsquo;\u00e9thique clinique (C\u00c9C) 2020-2021;<\/li>\n<li>Rapport annuel du comit\u00e9 des usagers 2020-2021.<\/li>\n<\/ul>\n<p><strong style=\"color: #ff6600;\"><br \/>\n<\/strong>Prochaine s\u00e9ance du conseil<br \/>\nLe 25 septembre 2021, \u00e0 17 h.<\/p>\n<p>La population est invit\u00e9e \u00e0 la s\u00e9ance publique d\u2019information annuelle pour la pr\u00e9sentation du rapport annuel de gestion 2020-2021, du rapport financier annuel 2020-2021 ainsi que du rapport annuel sur l\u2019application de la proc\u00e9dure d\u2019examen des plaintes et l\u2019am\u00e9lioration de la qualit\u00e9 2020-2021 du CISSS de la Mont\u00e9r\u00e9gie-Centre. Cette assembl\u00e9e sera suivie de la s\u00e9ance r\u00e9guli\u00e8re du conseil d\u2019administration.<\/p>\n","protected":false},"excerpt":{"rendered":"<p>Le Flash CA revient sur les points d&rsquo;information et les grands dossiers organisationnels qui sont discut\u00e9s aux s\u00e9ances publiques du conseil d\u2019administration du CISSS de la Mont\u00e9r\u00e9gie-Centre. Consultez aussi la version PDF du Flash CA.<\/p>\n","protected":false},"author":1,"featured_media":0,"comment_status":"open","ping_status":"closed","sticky":false,"template":"","format":"standard","meta":{"footnotes":""},"categories":[49],"tags":[51],"_links":{"self":[{"href":"https:\/\/santemc.quebec\/icentre\/wp-json\/wp\/v2\/posts\/198931"}],"collection":[{"href":"https:\/\/santemc.quebec\/icentre\/wp-json\/wp\/v2\/posts"}],"about":[{"href":"https:\/\/santemc.quebec\/icentre\/wp-json\/wp\/v2\/types\/post"}],"author":[{"embeddable":true,"href":"https:\/\/santemc.quebec\/icentre\/wp-json\/wp\/v2\/users\/1"}],"replies":[{"embeddable":true,"href":"https:\/\/santemc.quebec\/icentre\/wp-json\/wp\/v2\/comments?post=198931"}],"version-history":[{"count":3,"href":"https:\/\/santemc.quebec\/icentre\/wp-json\/wp\/v2\/posts\/198931\/revisions"}],"predecessor-version":[{"id":198938,"href":"https:\/\/santemc.quebec\/icentre\/wp-json\/wp\/v2\/posts\/198931\/revisions\/198938"}],"wp:attachment":[{"href":"https:\/\/santemc.quebec\/icentre\/wp-json\/wp\/v2\/media?parent=198931"}],"wp:term":[{"taxonomy":"category","embeddable":true,"href":"https:\/\/santemc.quebec\/icentre\/wp-json\/wp\/v2\/categories?post=198931"},{"taxonomy":"post_tag","embeddable":true,"href":"https:\/\/santemc.quebec\/icentre\/wp-json\/wp\/v2\/tags?post=198931"}],"curies":[{"name":"wp","href":"https:\/\/api.w.org\/{rel}","templated":true}]}}