{"id":199016,"date":"2021-10-05T11:51:59","date_gmt":"2021-10-05T15:51:59","guid":{"rendered":"https:\/\/santemc.quebec\/icentre\/?p=199016"},"modified":"2021-10-05T13:19:55","modified_gmt":"2021-10-05T17:19:55","slug":"nouveau-programme-de-stimulation-magnetique-transcranienne-repetitive-smtr-offert-a-lhopital-charles-le-moyne","status":"publish","type":"post","link":"https:\/\/santemc.quebec\/icentre\/nouveau-programme-de-stimulation-magnetique-transcranienne-repetitive-smtr-offert-a-lhopital-charles-le-moyne\/","title":{"rendered":"Nouveau programme de Stimulation Magn\u00e9tique Transcr\u00e2nienne r\u00e9p\u00e9titive (SMTr) offert \u00e0 l\u2019H\u00f4pital Charles-Le Moyne"},"content":{"rendered":"<div id=\"attachment_199018\" style=\"width: 310px\" class=\"wp-caption alignleft\"><a href=\"https:\/\/santemc.quebec\/santemc\/icentre\/wp-content\/uploads\/2021\/10\/STMR_Photo-Dr-Saari.jpg\"><img aria-describedby=\"caption-attachment-199018\" decoding=\"async\" loading=\"lazy\" class=\"wp-image-199018 size-medium\" src=\"https:\/\/santemc.quebec\/santemc\/icentre\/wp-content\/uploads\/2021\/10\/STMR_Photo-Dr-Saari-e1633449263635-300x182.jpg\" alt=\"\" width=\"300\" height=\"182\" srcset=\"https:\/\/santemc.quebec\/santemc\/icentre\/wp-content\/uploads\/2021\/10\/STMR_Photo-Dr-Saari-e1633449263635-300x182.jpg 300w, https:\/\/santemc.quebec\/santemc\/icentre\/wp-content\/uploads\/2021\/10\/STMR_Photo-Dr-Saari-e1633449263635-768x465.jpg 768w, https:\/\/santemc.quebec\/santemc\/icentre\/wp-content\/uploads\/2021\/10\/STMR_Photo-Dr-Saari-e1633449263635-496x300.jpg 496w, https:\/\/santemc.quebec\/santemc\/icentre\/wp-content\/uploads\/2021\/10\/STMR_Photo-Dr-Saari-e1633449263635.jpg 899w\" sizes=\"(max-width: 300px) 100vw, 300px\" \/><\/a><p id=\"caption-attachment-199018\" class=\"wp-caption-text\">De gauche \u00e0 droite : Dr Mohammed Zaari-Jabir, psychiatre, Claudine L\u00e9tourneau, infirmi\u00e8re clinicienne et Leonard Nguyen, \u00e9tudiant en m\u00e9decine, Universit\u00e9 de Sherbrooke.<\/p><\/div>\n<p><em>Dans le cadre de la Semaine de sensibilisation aux maladies mentales du 3 au 9 octobre, le CISSS de la Mont\u00e9r\u00e9gie-Centre souligne les succ\u00e8s!<\/em><\/p>\n<p>Il aura fallu pr\u00e8s de 3 ans, plus de 120\u00a0000 $ et surtout, la force de toute une \u00e9quipe pour permettre au Dr Mohammed Zaari-Jabir d\u2019implanter le programme de<em> Stimulation Magn\u00e9tique Transcr\u00e2nienne r\u00e9p\u00e9titive <\/em>(SMTr) \u00e0 l\u2019H\u00f4pital Charles-Le Moyne<em>.<\/em> L\u2019appareil a \u00e9t\u00e9 acquis en juin dernier et le traitement est destin\u00e9 aux personnes souffrant de d\u00e9pression lorsque la prise de m\u00e9dicaments antid\u00e9presseurs n\u2019offre pas de r\u00e9sultats.<!--more--><\/p>\n<p>La concr\u00e9tisation de ce projet a requis l\u2019engagement de plusieurs personnes provenant de diff\u00e9rents d\u00e9partements au sein du CISSS de la Mont\u00e9r\u00e9gie-Centre\u00a0: gestionnaires, direction, g\u00e9nie m\u00e9dical, ressources humaines, soins infirmiers, soutien administratif, etc. L\u2019H\u00f4pital Charles-Le Moyne est le premier et pour l\u2019instant, le seul \u00e9tablissement en Mont\u00e9r\u00e9gie \u00e0 utiliser la SMTr. Le programme est utilis\u00e9 par une \u00e9quipe compos\u00e9e de cinq psychiatres et de deux infirmi\u00e8res, \u00e0 raison de trois demi-journ\u00e9es par semaine.<\/p>\n<p>\u00ab C\u2019est une grande fiert\u00e9 pour notre \u00e9quipe de s\u2019inscrire dans une approche o\u00f9 l&rsquo;on int\u00e8gre les nouvelles technologies dans le traitement de nos patients en sant\u00e9 mentale. Un tel projet contribue \u00e9galement \u00e0 nourrir notre d\u00e9sir collectif de se d\u00e9passer afin de recourir aux meilleures pratiques \u00bb, affirme monsieur Benoit Geneau, directeur des programmes sant\u00e9 mentale et d\u00e9pendance au CISSS de la Mont\u00e9r\u00e9gie-Centre.<\/p>\n<p><strong>Des r\u00e9sultats prometteurs<\/strong><\/p>\n<p>Psychiatre \u00e0 l\u2019H\u00f4pital Charles-Le Moyne depuis 2018, Dr Zaari-Jabir s\u2019est int\u00e9ress\u00e9 au traitement par SMTr au cours de ses \u00e9tudes en m\u00e9decine. Or, c\u2019est lors d\u2019un stage au CHUM, aupr\u00e8s du Dr Paul Lesp\u00e9rance, qu\u2019il a \u00e9t\u00e9 \u00e0 m\u00eame d\u2019en appr\u00e9cier les r\u00e9sultats.<\/p>\n<p>\u00ab\u00a0La SMTr a \u00e9t\u00e9 d\u00e9montr\u00e9e b\u00e9n\u00e9fique chez 50 % des patients souffrant de d\u00e9pression, dont 15 \u00e0 36 % ont atteint une r\u00e9mission totale. Le traitement se compose de 30 s\u00e9ances d\u2019environ 15 minutes effectu\u00e9es sur une p\u00e9riode qui s\u2019\u00e9chelonne de 3 \u00e0 5 semaines, selon le cas trait\u00e9 \u00bb, explique Dr Zaari-Jabir.<\/p>\n<p>La proc\u00e9dure non invasive ne n\u00e9cessite aucune anesth\u00e9sie ou s\u00e9dation. Les patients demeurent ainsi \u00e9veill\u00e9s lors des s\u00e9ances; ils sont par la suite en mesure de reprendre presque imm\u00e9diatement leurs activit\u00e9s normales.<\/p>\n<p>La technologie n\u00e9cessaire au traitement par SMTr figure parmi les innovations en neuropsychiatrie les plus importantes des derni\u00e8res d\u00e9cennies. Le proc\u00e9d\u00e9 consiste \u00e0 influencer l\u2019activit\u00e9 \u00e9lectrique c\u00e9r\u00e9brale par un champ magn\u00e9tique puls\u00e9, focalis\u00e9 sur des zones sp\u00e9cifiques du cortex ou de la surface du cerveau.<\/p>\n<p>\u00ab\u00a0La recherche en cours laisse entrevoir un potentiel th\u00e9rapeutique positif pour de nombreuses autres maladies, troubles mentaux et d\u00e9pendances, conclut Dr Zaari-Jabir.<\/p>\n<p>&nbsp;<\/p>\n","protected":false},"excerpt":{"rendered":"<p>Dans le cadre de la Semaine de sensibilisation aux maladies mentales du 3 au 9 octobre, le CISSS de la Mont\u00e9r\u00e9gie-Centre souligne les succ\u00e8s! Il aura fallu pr\u00e8s de 3 ans, plus de 120\u00a0000 $ et surtout, la force de &hellip; <a href=\"https:\/\/santemc.quebec\/icentre\/nouveau-programme-de-stimulation-magnetique-transcranienne-repetitive-smtr-offert-a-lhopital-charles-le-moyne\/\">Continuer la lecture <span class=\"meta-nav\">&rarr;<\/span><\/a><\/p>\n","protected":false},"author":1,"featured_media":0,"comment_status":"open","ping_status":"closed","sticky":false,"template":"","format":"standard","meta":{"footnotes":""},"categories":[1],"tags":[],"_links":{"self":[{"href":"https:\/\/santemc.quebec\/icentre\/wp-json\/wp\/v2\/posts\/199016"}],"collection":[{"href":"https:\/\/santemc.quebec\/icentre\/wp-json\/wp\/v2\/posts"}],"about":[{"href":"https:\/\/santemc.quebec\/icentre\/wp-json\/wp\/v2\/types\/post"}],"author":[{"embeddable":true,"href":"https:\/\/santemc.quebec\/icentre\/wp-json\/wp\/v2\/users\/1"}],"replies":[{"embeddable":true,"href":"https:\/\/santemc.quebec\/icentre\/wp-json\/wp\/v2\/comments?post=199016"}],"version-history":[{"count":5,"href":"https:\/\/santemc.quebec\/icentre\/wp-json\/wp\/v2\/posts\/199016\/revisions"}],"predecessor-version":[{"id":199023,"href":"https:\/\/santemc.quebec\/icentre\/wp-json\/wp\/v2\/posts\/199016\/revisions\/199023"}],"wp:attachment":[{"href":"https:\/\/santemc.quebec\/icentre\/wp-json\/wp\/v2\/media?parent=199016"}],"wp:term":[{"taxonomy":"category","embeddable":true,"href":"https:\/\/santemc.quebec\/icentre\/wp-json\/wp\/v2\/categories?post=199016"},{"taxonomy":"post_tag","embeddable":true,"href":"https:\/\/santemc.quebec\/icentre\/wp-json\/wp\/v2\/tags?post=199016"}],"curies":[{"name":"wp","href":"https:\/\/api.w.org\/{rel}","templated":true}]}}