{"id":199049,"date":"2021-10-07T15:54:49","date_gmt":"2021-10-07T19:54:49","guid":{"rendered":"https:\/\/santemc.quebec\/icentre\/?p=199049"},"modified":"2021-10-07T15:55:18","modified_gmt":"2021-10-07T19:55:18","slug":"semaine-mondiale-de-lallaitement-maternel-proteger-lallaitement-une-responsabilite-partagee","status":"publish","type":"post","link":"https:\/\/santemc.quebec\/icentre\/semaine-mondiale-de-lallaitement-maternel-proteger-lallaitement-une-responsabilite-partagee\/","title":{"rendered":"Semaine mondiale de l\u2019allaitement maternel : \u00ab Prot\u00e9ger l\u2019allaitement : une responsabilit\u00e9 partag\u00e9e \u00bb"},"content":{"rendered":"<p>La Semaine<a href=\"https:\/\/santemc.quebec\/santemc\/icentre\/wp-content\/uploads\/2021\/10\/visuelSMAM.jpg\"><img decoding=\"async\" loading=\"lazy\" class=\"size-full wp-image-199050 alignleft\" src=\"https:\/\/santemc.quebec\/santemc\/icentre\/wp-content\/uploads\/2021\/10\/visuelSMAM.jpg\" alt=\"\" width=\"230\" height=\"230\" srcset=\"https:\/\/santemc.quebec\/santemc\/icentre\/wp-content\/uploads\/2021\/10\/visuelSMAM.jpg 230w, https:\/\/santemc.quebec\/santemc\/icentre\/wp-content\/uploads\/2021\/10\/visuelSMAM-150x150.jpg 150w\" sizes=\"(max-width: 230px) 100vw, 230px\" \/><\/a> mondiale de l\u2019allaitement maternel (SMAM) se d\u00e9roule jusqu\u2019au 7 octobre en Am\u00e9rique du Nord sous le th\u00e8me \u00ab Prot\u00e9ger l\u2019allaitement : une responsabilit\u00e9 partag\u00e9e \u00bb.<\/p>\n<p>M\u00eame si l\u2019allaitement est une d\u00e9cision qui appartient aux personnes qui posent ce geste, celles-ci doivent se sentir soutenues, et ce, sur tous les plans. Au Qu\u00e9bec, selon l\u2019Observatoire des tout-petits, on compte 530 000 enfants en bas \u00e2ge, voire 600 000 si l\u2019on consid\u00e8re ceux \u00e0 na\u00eetre sous peu. En tant qu\u2019organisation de sant\u00e9, nous pouvons faire une diff\u00e9rence aupr\u00e8s des familles afin de les outiller pour effectuer un choix \u00e9clair\u00e9 sur le mode d\u2019alimentation de leur nouveau-n\u00e9, les accompagner dans leur d\u00e9cision d\u2019avoir opt\u00e9 pour l\u2019allaitement ainsi que dans cette nouvelle exp\u00e9rience.<!--more--><\/p>\n<p>Pendant la p\u00e9riode pr\u00e9natale, les services <em>sant\u00e9 parentale et infantile<\/em> et ceux de la Maison de naissance offrent, parmi leur s\u00e9quence de rencontres pr\u00e9natales, une rencontre qui porte sur \u00ab\u00a0L\u2019allaitement maternel parmi les saines habitudes de vie\u00a0\u00bb pour permettre aux couples qui vivent la grossesse de bien se pr\u00e9parer pour la p\u00e9riode postnatale. Les services de soutien en allaitement y sont pr\u00e9sent\u00e9s.<\/p>\n<p>Le personnel des unit\u00e9s m\u00e8re-enfant de nos deux h\u00f4pitaux et celui de la Maison de naissance offre un accompagnement d\u00e8s la naissance du nouveau-n\u00e9 afin de permettre aux parents de bien vivre cette exp\u00e9rience et d\u2019initier l\u2019allaitement maternel de fa\u00e7on optimale. Plusieurs conditions importantes sont mises en place pour donner la chance aux nouveau-n\u00e9s de se stabiliser, de se s\u00e9curiser apr\u00e8s la naissance et d\u2019enclencher le processus de lactation\u00a0: peau \u00e0 peau avec sa m\u00e8re d\u00e8s la naissance, et cela, pour au moins deux heures de fa\u00e7on ininterrompue, cohabitation 24 heures sur 24 pour bien reconna\u00eetre les signes de faim du nouveau-n\u00e9 et permettre un allaitement exclusif, \u00e0 la demande.<\/p>\n<p>Pendant la p\u00e9riode postnatale, une infirmi\u00e8re des services <em>sant\u00e9 parentale et infantile<\/em> ou une sage-femme soutient les parents \u00e0 la suite du retour \u00e0 la maison. Elle r\u00e9pond aux diff\u00e9rentes questions et offre un suivi adapt\u00e9 \u00e0 la situation. Elle planifie une ou plusieurs visites \u00e0 domicile pour offrir du soutien \u00e0 l\u2019allaitement personnalis\u00e9, effectue un suivi clinique, si requis, et laisse les coordonn\u00e9es de l\u2019\u00e9quipe pour une possibilit\u00e9 de rappel ou pour planifier une autre rencontre si des inqui\u00e9tudes et questions surgissent dans l\u2019\u00e9volution de l\u2019allaitement.<\/p>\n<p>L\u2019allaitement maternel concerne tout le monde! Le CISSS poss\u00e8de d\u2019ailleurs une politique en allaitement qui souligne son engagement. Dans toutes les installations du CISSS, notre personnel est attentif aux besoins des usagers et l\u2019allaitement peut se r\u00e9aliser en tout lieu ou espace disponible. On peut \u00e9galement trouver dans nos installations (CLSC, Maison de naissance et h\u00f4pitaux) des salles ou des espaces d\u2019allaitement accessibles aux m\u00e8res qui d\u00e9sirent allaiter en toute intimit\u00e9.<\/p>\n","protected":false},"excerpt":{"rendered":"<p>La Semaine mondiale de l\u2019allaitement maternel (SMAM) se d\u00e9roule jusqu\u2019au 7 octobre en Am\u00e9rique du Nord sous le th\u00e8me \u00ab Prot\u00e9ger l\u2019allaitement : une responsabilit\u00e9 partag\u00e9e \u00bb. M\u00eame si l\u2019allaitement est une d\u00e9cision qui appartient aux personnes qui posent ce &hellip; <a href=\"https:\/\/santemc.quebec\/icentre\/semaine-mondiale-de-lallaitement-maternel-proteger-lallaitement-une-responsabilite-partagee\/\">Continuer la lecture <span class=\"meta-nav\">&rarr;<\/span><\/a><\/p>\n","protected":false},"author":32,"featured_media":0,"comment_status":"open","ping_status":"closed","sticky":false,"template":"","format":"standard","meta":{"footnotes":""},"categories":[1],"tags":[],"_links":{"self":[{"href":"https:\/\/santemc.quebec\/icentre\/wp-json\/wp\/v2\/posts\/199049"}],"collection":[{"href":"https:\/\/santemc.quebec\/icentre\/wp-json\/wp\/v2\/posts"}],"about":[{"href":"https:\/\/santemc.quebec\/icentre\/wp-json\/wp\/v2\/types\/post"}],"author":[{"embeddable":true,"href":"https:\/\/santemc.quebec\/icentre\/wp-json\/wp\/v2\/users\/32"}],"replies":[{"embeddable":true,"href":"https:\/\/santemc.quebec\/icentre\/wp-json\/wp\/v2\/comments?post=199049"}],"version-history":[{"count":1,"href":"https:\/\/santemc.quebec\/icentre\/wp-json\/wp\/v2\/posts\/199049\/revisions"}],"predecessor-version":[{"id":199051,"href":"https:\/\/santemc.quebec\/icentre\/wp-json\/wp\/v2\/posts\/199049\/revisions\/199051"}],"wp:attachment":[{"href":"https:\/\/santemc.quebec\/icentre\/wp-json\/wp\/v2\/media?parent=199049"}],"wp:term":[{"taxonomy":"category","embeddable":true,"href":"https:\/\/santemc.quebec\/icentre\/wp-json\/wp\/v2\/categories?post=199049"},{"taxonomy":"post_tag","embeddable":true,"href":"https:\/\/santemc.quebec\/icentre\/wp-json\/wp\/v2\/tags?post=199049"}],"curies":[{"name":"wp","href":"https:\/\/api.w.org\/{rel}","templated":true}]}}