{"id":199075,"date":"2021-10-08T15:43:24","date_gmt":"2021-10-08T19:43:24","guid":{"rendered":"https:\/\/santemc.quebec\/icentre\/?p=199075"},"modified":"2021-10-08T15:44:14","modified_gmt":"2021-10-08T19:44:14","slug":"des-interventions-policieres-mieux-adaptees-aux-besoins-des-personnes-vulnerables","status":"publish","type":"post","link":"https:\/\/santemc.quebec\/icentre\/des-interventions-policieres-mieux-adaptees-aux-besoins-des-personnes-vulnerables\/","title":{"rendered":"Des interventions polici\u00e8res mieux adapt\u00e9es aux besoins des personnes vuln\u00e9rables"},"content":{"rendered":"<p><em><a href=\"https:\/\/www.santemonteregie.qc.ca\/sites\/default\/files\/inline-images\/photo_5580%20%281%29.jpg\"><img decoding=\"async\" loading=\"lazy\" class=\"alignleft\" src=\"https:\/\/www.santemonteregie.qc.ca\/sites\/default\/files\/inline-images\/photo_5580%20%281%29.jpg\" alt=\"Photo\" width=\"300\" height=\"534\" data-entity-type=\"file\" data-entity-uuid=\"783ade11-349e-44f3-86a8-fc898d9b3af7\" \/><\/a>Communiqu\u00e9 de presse diffus\u00e9 aujourd&rsquo;hui<\/em><\/p>\n<p>Longueuil, le 8 octobre 2021 \u2013 \u00a0Le Service de police de Richelieu Saint-Laurent, le Centre int\u00e9gr\u00e9 de sant\u00e9 et de services sociaux de la Mont\u00e9r\u00e9gie-Est et le Centre int\u00e9gr\u00e9 de sant\u00e9 et de services sociaux de la Mont\u00e9r\u00e9gie-Centre sont fiers de pr\u00e9senter leur \u00c9quipe de soutien \u00e0 l\u2019intervention psychosociale (ESIP).<!--more--><\/p>\n<p>Depuis le mois d\u2019avril dernier, l\u2019\u00e9quipe, compos\u00e9e de policiers sociocommunautaires et de travailleurs sociaux, se d\u00e9ploie sur le territoire de la R\u00e9gie intermunicipale de police Richelieu Saint-Laurent et intervient aupr\u00e8s des personnes impliqu\u00e9es dans une intervention polici\u00e8re.<\/p>\n<p>Cette \u00e9quipe a comme mandat de favoriser une intervention compl\u00e9mentaire et sp\u00e9cialis\u00e9e \u00e0 celle des patrouilleurs de premi\u00e8re ligne, de faciliter l\u2019acc\u00e8s aux personnes plus vuln\u00e9rables \u00e0 des services adapt\u00e9s, d\u2019intervenir de fa\u00e7on rapide et de les guider vers du soutien dans la communaut\u00e9.<\/p>\n<p><strong>Une approche novatrice<\/strong><\/p>\n<p>Le mod\u00e8le d\u2019intervention de l\u2019ESIP permet de rejoindre les personnes vivant diff\u00e9rentes probl\u00e9matiques comme l&rsquo;itin\u00e9rance, la violence conjugale, la sant\u00e9 mentale, l\u2019isolement ou la maltraitance chez les personnes a\u00een\u00e9es. Cette initiative permet de mieux accompagner les client\u00e8les vuln\u00e9rables, de les guider vers les bonnes ressources, d\u2019am\u00e9liorer la liaison avec les services du r\u00e9seau de la sant\u00e9, et ainsi diminuer les interventions polici\u00e8res.<\/p>\n<p><strong>Nombre d\u2019interventions de l\u2019ESIP<\/strong><\/p>\n<p>Depuis le mois d\u2019avril dernier, 155 interventions ont \u00e9t\u00e9 r\u00e9alis\u00e9es sur le territoire de la R\u00e9gie intermunicipale de police Richelieu Saint-Laurent. Ce projet pilote, qui s\u2019\u00e9chelonnera jusqu\u2019au 31 mars 2022, a d\u00e9j\u00e0 permis de cr\u00e9er, avec les personnes rencontr\u00e9es, une relation bas\u00e9e sur de meilleurs liens de confiance, une meilleure compr\u00e9hension des besoins et une mobilisation accrue vers les services requis pour les usagers.<\/p>\n<p><strong>Citations<\/strong><\/p>\n<p>\u00ab Ce nouveau partenariat est une opportunit\u00e9 renouvel\u00e9e d\u2019unir nos expertises \u00e0 celles du RIPRSL. L&rsquo;objectif est de continuer de travailler avec les diff\u00e9rents acteurs de la communaut\u00e9 pour\u00a0 cr\u00e9er des relations de proximit\u00e9 avec les citoyens et intervenir rapidement aupr\u00e8s des client\u00e8les vuln\u00e9rables, en toute s\u00e9curit\u00e9. Ce projet pilote, nous en sommes certains, est une approche novatrice,\u00a0humaine et bienveillante. \u00bb \u2013 Robert James Borris, directeur adjoint des programmes sant\u00e9 mentale et d\u00e9pendance, CISSS de la Mont\u00e9r\u00e9gie-Est<\/p>\n<p>\u00ab Les partenaires institutionnels et communautaires s\u2019unissent pour offrir des soins et des services psychosociaux concert\u00e9s et mieux adapt\u00e9s aux situations de crise.\u00a0Ces pratiques novatrices en mati\u00e8re d\u2019intervention visent \u00e0 r\u00e9duire concr\u00e8tement la r\u00e9currence des appels, diminuer les transports en milieu hospitalier et trouver des solutions alternatives \u00e0 la judiciarisation des personnes vuln\u00e9rables et marginalis\u00e9es \u00bb, explique monsieur Beno\u00eet Geneau, directeur des programmes sant\u00e9 mentale et d\u00e9pendance au CISSS de la Mont\u00e9r\u00e9gie-Centre.<\/p>\n<p>\u00ab La mise en place de l\u2019\u00e9quipe de soutien en interventions psychosociales est une excellente opportunit\u00e9 qui nous permettra d\u2019intervenir efficacement et de mani\u00e8re concert\u00e9e aupr\u00e8s des client\u00e8les vuln\u00e9rables. Nos policiers interviennent quotidiennement aupr\u00e8s de ces personnes, les comp\u00e9tences de l\u2019intervenante qui travaille avec nous nous permettront d\u2019offrir un service encore plus adapt\u00e9 aux diff\u00e9rentes situations. Je tiens \u00e0 remercier tr\u00e8s sinc\u00e8rement tous les partenaires impliqu\u00e9s dans ce projet. \u00bb \u2013 Marco Carrier, directeur, R\u00e9gie intermunicipale de police Richelieu-Saint-Laurent.<\/p>\n<p>&nbsp;<\/p>\n","protected":false},"excerpt":{"rendered":"<p>Communiqu\u00e9 de presse diffus\u00e9 aujourd&rsquo;hui Longueuil, le 8 octobre 2021 \u2013 \u00a0Le Service de police de Richelieu Saint-Laurent, le Centre int\u00e9gr\u00e9 de sant\u00e9 et de services sociaux de la Mont\u00e9r\u00e9gie-Est et le Centre int\u00e9gr\u00e9 de sant\u00e9 et de services sociaux &hellip; <a href=\"https:\/\/santemc.quebec\/icentre\/des-interventions-policieres-mieux-adaptees-aux-besoins-des-personnes-vulnerables\/\">Continuer la lecture <span class=\"meta-nav\">&rarr;<\/span><\/a><\/p>\n","protected":false},"author":1,"featured_media":0,"comment_status":"open","ping_status":"closed","sticky":false,"template":"","format":"standard","meta":{"footnotes":""},"categories":[1],"tags":[],"_links":{"self":[{"href":"https:\/\/santemc.quebec\/icentre\/wp-json\/wp\/v2\/posts\/199075"}],"collection":[{"href":"https:\/\/santemc.quebec\/icentre\/wp-json\/wp\/v2\/posts"}],"about":[{"href":"https:\/\/santemc.quebec\/icentre\/wp-json\/wp\/v2\/types\/post"}],"author":[{"embeddable":true,"href":"https:\/\/santemc.quebec\/icentre\/wp-json\/wp\/v2\/users\/1"}],"replies":[{"embeddable":true,"href":"https:\/\/santemc.quebec\/icentre\/wp-json\/wp\/v2\/comments?post=199075"}],"version-history":[{"count":2,"href":"https:\/\/santemc.quebec\/icentre\/wp-json\/wp\/v2\/posts\/199075\/revisions"}],"predecessor-version":[{"id":199077,"href":"https:\/\/santemc.quebec\/icentre\/wp-json\/wp\/v2\/posts\/199075\/revisions\/199077"}],"wp:attachment":[{"href":"https:\/\/santemc.quebec\/icentre\/wp-json\/wp\/v2\/media?parent=199075"}],"wp:term":[{"taxonomy":"category","embeddable":true,"href":"https:\/\/santemc.quebec\/icentre\/wp-json\/wp\/v2\/categories?post=199075"},{"taxonomy":"post_tag","embeddable":true,"href":"https:\/\/santemc.quebec\/icentre\/wp-json\/wp\/v2\/tags?post=199075"}],"curies":[{"name":"wp","href":"https:\/\/api.w.org\/{rel}","templated":true}]}}