{"id":199101,"date":"2021-10-19T09:50:04","date_gmt":"2021-10-19T13:50:04","guid":{"rendered":"https:\/\/santemc.quebec\/icentre\/?p=199101"},"modified":"2021-10-19T09:50:04","modified_gmt":"2021-10-19T13:50:04","slug":"ambassadeurs-de-la-bienveillance-recherches","status":"publish","type":"post","link":"https:\/\/santemc.quebec\/icentre\/ambassadeurs-de-la-bienveillance-recherches\/","title":{"rendered":"Ambassadeurs de la bienveillance recherch\u00e9s!"},"content":{"rendered":"<p><iframe loading=\"lazy\" title=\"Devenir Bienveilleur\" src=\"https:\/\/player.vimeo.com\/video\/626459148?h=e85b8c0d6c&amp;dnt=1&amp;app_id=122963\" width=\"584\" height=\"329\" frameborder=\"0\" allow=\"autoplay; fullscreen; picture-in-picture\" allowfullscreen><\/iframe><\/p>\n<p><strong>Un nom vous est venu en t\u00eate? Vous vous \u00eates, vous-m\u00eame, reconnu?<\/strong> Soumettez-nous cette candidature et nous nous chargerons des d\u00e9marches subs\u00e9quentes!<\/p>\n<ul>\n<li>\n<h2><strong><a href=\"https:\/\/forms.office.com\/Pages\/ResponsePage.aspx?id=KP7hBotfdUC_bK4kvhp5kmtPD3E_TvZAgbgvCtx2cQFUQ0lONlM1WTJDUUY5VVdIUDJDU1o5MVJYVS4u\" target=\"_blank\" rel=\"noopener\">Pour reconna\u00eetre et soumettre un employ\u00e9 bienveilleur<\/a><\/strong><\/h2>\n<\/li>\n<li>\n<h2><strong><a href=\"https:\/\/forms.office.com\/Pages\/ResponsePage.aspx?id=KP7hBotfdUC_bK4kvhp5kmtPD3E_TvZAgbgvCtx2cQFUNjZGV0gyRFVWR01ITEkzTExCRzZOQUIwVS4u\" target=\"_blank\" rel=\"noopener\">Pour soumettre votre candidature comme bienveilleur<\/a><\/strong><\/h2>\n<\/li>\n<\/ul>\n<p>De l&rsquo;information sur le <strong>Programme de soutien par les pairs<\/strong> est disponible dans l&rsquo;intranet, dans la section <a href=\"https:\/\/intranetcisssmc.rtss.qc.ca\/espace-employe\/prevention-et-mieux-etre-au-travail\/comment-ca-va-vraiment#c3189\" target=\"_blank\" rel=\"noopener\">Comment \u00e7a va, vraiment?<\/a><\/p>\n","protected":false},"excerpt":{"rendered":"<p>Un nom vous est venu en t\u00eate? Vous vous \u00eates, vous-m\u00eame, reconnu? Soumettez-nous cette candidature et nous nous chargerons des d\u00e9marches subs\u00e9quentes! Pour reconna\u00eetre et soumettre un employ\u00e9 bienveilleur Pour soumettre votre candidature comme bienveilleur De l&rsquo;information sur le Programme &hellip; <a href=\"https:\/\/santemc.quebec\/icentre\/ambassadeurs-de-la-bienveillance-recherches\/\">Continuer la lecture <span class=\"meta-nav\">&rarr;<\/span><\/a><\/p>\n","protected":false},"author":32,"featured_media":0,"comment_status":"open","ping_status":"closed","sticky":false,"template":"","format":"standard","meta":{"footnotes":""},"categories":[1],"tags":[],"_links":{"self":[{"href":"https:\/\/santemc.quebec\/icentre\/wp-json\/wp\/v2\/posts\/199101"}],"collection":[{"href":"https:\/\/santemc.quebec\/icentre\/wp-json\/wp\/v2\/posts"}],"about":[{"href":"https:\/\/santemc.quebec\/icentre\/wp-json\/wp\/v2\/types\/post"}],"author":[{"embeddable":true,"href":"https:\/\/santemc.quebec\/icentre\/wp-json\/wp\/v2\/users\/32"}],"replies":[{"embeddable":true,"href":"https:\/\/santemc.quebec\/icentre\/wp-json\/wp\/v2\/comments?post=199101"}],"version-history":[{"count":5,"href":"https:\/\/santemc.quebec\/icentre\/wp-json\/wp\/v2\/posts\/199101\/revisions"}],"predecessor-version":[{"id":199106,"href":"https:\/\/santemc.quebec\/icentre\/wp-json\/wp\/v2\/posts\/199101\/revisions\/199106"}],"wp:attachment":[{"href":"https:\/\/santemc.quebec\/icentre\/wp-json\/wp\/v2\/media?parent=199101"}],"wp:term":[{"taxonomy":"category","embeddable":true,"href":"https:\/\/santemc.quebec\/icentre\/wp-json\/wp\/v2\/categories?post=199101"},{"taxonomy":"post_tag","embeddable":true,"href":"https:\/\/santemc.quebec\/icentre\/wp-json\/wp\/v2\/tags?post=199101"}],"curies":[{"name":"wp","href":"https:\/\/api.w.org\/{rel}","templated":true}]}}