{"id":199115,"date":"2021-10-13T13:10:49","date_gmt":"2021-10-13T17:10:49","guid":{"rendered":"https:\/\/santemc.quebec\/icentre\/?p=199115"},"modified":"2021-10-13T13:18:46","modified_gmt":"2021-10-13T17:18:46","slug":"agrement-capsule-dinformation-no-1-copy-copy-copy-copy-copy-copy-copy-copy-copy-copy-copy-copy-copy-copy-copy-copy-copy-copy-copy-copy-copy-copy-copy-copy-copy-copy-copy-copy-copy-copy-copy","status":"publish","type":"post","link":"https:\/\/santemc.quebec\/icentre\/agrement-capsule-dinformation-no-1-copy-copy-copy-copy-copy-copy-copy-copy-copy-copy-copy-copy-copy-copy-copy-copy-copy-copy-copy-copy-copy-copy-copy-copy-copy-copy-copy-copy-copy-copy-copy\/","title":{"rendered":"Agr\u00e9ment : capsule d&rsquo;information no 2"},"content":{"rendered":"<p><strong><span style=\"color: #e7242a;\"><a href=\"http:\/\/santemc.quebec\/santemc\/icentre\/wp-content\/uploads\/2019\/05\/agrement.png\"><img decoding=\"async\" loading=\"lazy\" class=\" wp-image-10364 alignleft\" src=\"http:\/\/santemc.quebec\/santemc\/icentre\/wp-content\/uploads\/2019\/05\/agrement.png\" alt=\"\" width=\"186\" height=\"188\" \/><\/a><\/span><\/strong><\/p>\n<p><strong><span style=\"color: #e7242a;\">Sujet : <b>L&rsquo;hygi\u00e8ne des mains : o\u00f9, quand comment pourquoi?<\/b><b><br \/>\n<\/b><\/span><\/strong><\/p>\n<p><strong><span style=\"color: #e7242a;\"><b><\/b>Public vis\u00e9 : Tous les employ\u00e9s, m\u00e9decins, gestionnaires, stagiaires et b\u00e9n\u00e9voles<\/span><\/strong><\/p>\n<p><strong><span style=\"color: #e7242a;\">\u00c0 retenir sur l&rsquo;hygi\u00e8ne des mains :<\/span><\/strong><\/p>\n<p>&nbsp;<\/p>\n<ol>\n<li>Est une des fa\u00e7ons les moins ch\u00e8res et les plus efficaces afin de diminuer la transmission des infections.<\/li>\n<li>Est une obligation dans le cadre de la prestation de soins et de service s\u00e9curitaires et de qualit\u00e9.<\/li>\n<li>Doit \u00eatre effectu\u00e9e par chacun d\u2019entre nous.<\/li>\n<li>Permet un lien de confiance avec l\u2019usager.<\/li>\n<li>Est un indicateur de la qualit\u00e9 des soins et de services et fait partie d\u2019une entente de gestion.<\/li>\n<li>Fait partie int\u00e9grante de la culture de s\u00e9curit\u00e9 et doit \u00eatre respect\u00e9e \u00e0 80 % selon la cible minist\u00e9rielle.<\/li>\n<\/ol>\n<p><!--more--><\/p>\n<p><strong><span style=\"color: #e7242a;\">Que signifie l&rsquo;hygi\u00e8ne des mains?<\/span><\/strong><\/p>\n<p>Ce terme inclut les notions suivantes : le lavage des mains, la friction des mains et les autres mesures permettant de maintenir les mains et les ongles propres.<\/p>\n<ul>\n<li>Le lavage des mains : utilisation d\u2019eau et de savon doux afin d\u2019\u00e9liminer la salet\u00e9 et les microorganismes transitoires pr\u00e9sents sur les mains.<\/li>\n<li>La friction des mains : utilisation d\u2019une solution hydroalcoolique qui permet d\u2019\u00e9liminer la flore transitoire et de diminuer la flore r\u00e9sidente pr\u00e9sente sur les mains.<\/li>\n<\/ul>\n<p><strong><span style=\"color: #e7242a;\">Les 4 moments cl\u00e9s<br \/>\n<\/span><\/strong><\/p>\n<p>Durant la prestation de soins et de services, il faut effectuer l\u2019hygi\u00e8ne des mains aux 4 moments suivants :<\/p>\n<ol>\n<li>Avant un contact avec un usager ou son environnement;<\/li>\n<li>Avant une intervention aseptique;<\/li>\n<li>Apr\u00e8s un risque de contact avec du liquide biologique;<\/li>\n<li>Apr\u00e8s un contact avec un usager ou son environnement.<\/li>\n<\/ol>\n<p><strong><span style=\"color: #e7242a;\">O\u00f9 trouver les documents :\u00a0<\/span><\/strong><\/p>\n<ul>\n<li><strong>INTRANET<\/strong> : <a href=\"https:\/\/intranetcisssmc.rtss.qc.ca\/connexion\" target=\"_blank\" rel=\"noopener\">https:\/\/intranetcisssmc.rtss.qc.ca\/connexion<\/a><\/li>\n<li><strong>Formation de l\u2019ENA<\/strong> :<br \/>\nPr\u00e9vention et contr\u00f4le des infections : La formation de base en contexte de la COVID-19 : <a href=\"https:\/\/fcp.rtss.qc.ca\/ena-login\/index.html\" target=\"_blank\" rel=\"noopener\">https:\/\/fcp.rtss.qc.ca\/ena-login\/index.html<\/a><\/li>\n<li><strong>Politique sur l\u2019hygi\u00e8ne des mains DSI-802<\/strong> :<br \/>\n<a href=\"https:\/\/intranetcisssmc.rtss.qc.ca\/var\/www\/cisss-mc\/vendor\/bin\/index.php?eID=dumpFile&amp;t=f&amp;f=7810&amp;token=fc8d5b7880cf95bda335c68fb36350aebf19d058\" target=\"_blank\" rel=\"noopener\">https:\/\/intranetcisssmc.rtss.qc.ca\/var\/www\/cisss-mc\/vendor\/bin\/index.php?eID=dumpFile&amp;t=f&amp;f=7810&amp;token=fc8d5b7880cf95bda335c68fb36350aebf19d058<\/a><\/li>\n<\/ul>\n<p><a href=\"https:\/\/santemc.quebec\/agrement\" target=\"_blank\" rel=\"noopener\">https:\/\/santemc.quebec\/agrement<\/a><\/p>\n<p><a href=\"https:\/\/santemc.quebec\/santemc\/icentre\/wp-content\/uploads\/2021\/10\/No2_HygieneMains_13octobre2021VF.pdf\" target=\"_blank\" rel=\"noopener\">Version PDF pour impression et pour affichage dans vos secteurs<\/a><\/p>\n<p>&nbsp;<\/p>\n","protected":false},"excerpt":{"rendered":"<p>Sujet : L&rsquo;hygi\u00e8ne des mains : o\u00f9, quand comment pourquoi? Public vis\u00e9 : Tous les employ\u00e9s, m\u00e9decins, gestionnaires, stagiaires et b\u00e9n\u00e9voles \u00c0 retenir sur l&rsquo;hygi\u00e8ne des mains : &nbsp; Est une des fa\u00e7ons les moins ch\u00e8res et les plus efficaces &hellip; <a href=\"https:\/\/santemc.quebec\/icentre\/agrement-capsule-dinformation-no-1-copy-copy-copy-copy-copy-copy-copy-copy-copy-copy-copy-copy-copy-copy-copy-copy-copy-copy-copy-copy-copy-copy-copy-copy-copy-copy-copy-copy-copy-copy-copy\/\">Continuer la lecture <span class=\"meta-nav\">&rarr;<\/span><\/a><\/p>\n","protected":false},"author":9,"featured_media":0,"comment_status":"open","ping_status":"closed","sticky":false,"template":"","format":"standard","meta":{"footnotes":""},"categories":[1],"tags":[],"_links":{"self":[{"href":"https:\/\/santemc.quebec\/icentre\/wp-json\/wp\/v2\/posts\/199115"}],"collection":[{"href":"https:\/\/santemc.quebec\/icentre\/wp-json\/wp\/v2\/posts"}],"about":[{"href":"https:\/\/santemc.quebec\/icentre\/wp-json\/wp\/v2\/types\/post"}],"author":[{"embeddable":true,"href":"https:\/\/santemc.quebec\/icentre\/wp-json\/wp\/v2\/users\/9"}],"replies":[{"embeddable":true,"href":"https:\/\/santemc.quebec\/icentre\/wp-json\/wp\/v2\/comments?post=199115"}],"version-history":[{"count":4,"href":"https:\/\/santemc.quebec\/icentre\/wp-json\/wp\/v2\/posts\/199115\/revisions"}],"predecessor-version":[{"id":199120,"href":"https:\/\/santemc.quebec\/icentre\/wp-json\/wp\/v2\/posts\/199115\/revisions\/199120"}],"wp:attachment":[{"href":"https:\/\/santemc.quebec\/icentre\/wp-json\/wp\/v2\/media?parent=199115"}],"wp:term":[{"taxonomy":"category","embeddable":true,"href":"https:\/\/santemc.quebec\/icentre\/wp-json\/wp\/v2\/categories?post=199115"},{"taxonomy":"post_tag","embeddable":true,"href":"https:\/\/santemc.quebec\/icentre\/wp-json\/wp\/v2\/tags?post=199115"}],"curies":[{"name":"wp","href":"https:\/\/api.w.org\/{rel}","templated":true}]}}