{"id":199121,"date":"2021-10-13T14:46:58","date_gmt":"2021-10-13T18:46:58","guid":{"rendered":"https:\/\/santemc.quebec\/icentre\/?p=199121"},"modified":"2021-10-13T14:46:58","modified_gmt":"2021-10-13T18:46:58","slug":"cette-semaine-soulignons-nos-preposes-en-retraitement-des-dispositifs-medicaux","status":"publish","type":"post","link":"https:\/\/santemc.quebec\/icentre\/cette-semaine-soulignons-nos-preposes-en-retraitement-des-dispositifs-medicaux\/","title":{"rendered":"Cette semaine, soulignons nos pr\u00e9pos\u00e9s en retraitement des dispositifs m\u00e9dicaux!"},"content":{"rendered":"<p>Du 10 au 16 octobre 2021, les pr\u00e9pos\u00e9s en retraitement des dispositifs m\u00e9dicaux (PRDM) sont \u00e0 l\u2019honneur! Nous profitons de cette semaine qui met en lumi\u00e8re leur travail pour les remercier et souligner leur apport au sein de nos \u00e9quipes.<\/p>\n<p><!--more--><\/p>\n<p>Au CISSS de la Mont\u00e9r\u00e9gie-Centre, ce sont plus de 60 employ\u00e9s qui effectuent un travail en continu pour couvrir les 3 quarts de travail. Ils servent plus de 60 points de services tant \u00e0 l&rsquo;externe qu&rsquo;\u00e0 l&rsquo;interne, tels que les unit\u00e9s cliniques, les CLSC, les CHSLD, la maison de naissance et plusieurs autres! Ils ont la t\u00e2che importante de traiter tout le mat\u00e9riel, les \u00e9quipements ainsi que les appareils servant aux diff\u00e9rentes interventions chirurgicales et m\u00e9dicales : d\u00e9contamination, d\u00e9sinfection, st\u00e9rilisation, entreposage et distribution des dispositifs.<\/p>\n<p>Le travail de nos \u00e9quipes d\u00e9vou\u00e9es, professionnelles et engag\u00e9es permet d\u2019offrir \u00e0 la population un service de qualit\u00e9 exceptionnelle afin de garantir des soins s\u00e9curitaires dans nos installations.<\/p>\n<p>La pand\u00e9mie de COVID-19 rappelle \u00e0 quel point leur travail est essentiel lorsque l\u2019on prodigue des soins.<\/p>\n<p>\u00c0 nos coll\u00e8gues, merci pour votre travail! Bonne semaine des pr\u00e9pos\u00e9s en retraitements des dispositifs m\u00e9dicaux!<\/p>\n","protected":false},"excerpt":{"rendered":"<p>Du 10 au 16 octobre 2021, les pr\u00e9pos\u00e9s en retraitement des dispositifs m\u00e9dicaux (PRDM) sont \u00e0 l\u2019honneur! Nous profitons de cette semaine qui met en lumi\u00e8re leur travail pour les remercier et souligner leur apport au sein de nos \u00e9quipes.<\/p>\n","protected":false},"author":9,"featured_media":0,"comment_status":"open","ping_status":"closed","sticky":false,"template":"","format":"standard","meta":{"footnotes":""},"categories":[1],"tags":[],"_links":{"self":[{"href":"https:\/\/santemc.quebec\/icentre\/wp-json\/wp\/v2\/posts\/199121"}],"collection":[{"href":"https:\/\/santemc.quebec\/icentre\/wp-json\/wp\/v2\/posts"}],"about":[{"href":"https:\/\/santemc.quebec\/icentre\/wp-json\/wp\/v2\/types\/post"}],"author":[{"embeddable":true,"href":"https:\/\/santemc.quebec\/icentre\/wp-json\/wp\/v2\/users\/9"}],"replies":[{"embeddable":true,"href":"https:\/\/santemc.quebec\/icentre\/wp-json\/wp\/v2\/comments?post=199121"}],"version-history":[{"count":1,"href":"https:\/\/santemc.quebec\/icentre\/wp-json\/wp\/v2\/posts\/199121\/revisions"}],"predecessor-version":[{"id":199122,"href":"https:\/\/santemc.quebec\/icentre\/wp-json\/wp\/v2\/posts\/199121\/revisions\/199122"}],"wp:attachment":[{"href":"https:\/\/santemc.quebec\/icentre\/wp-json\/wp\/v2\/media?parent=199121"}],"wp:term":[{"taxonomy":"category","embeddable":true,"href":"https:\/\/santemc.quebec\/icentre\/wp-json\/wp\/v2\/categories?post=199121"},{"taxonomy":"post_tag","embeddable":true,"href":"https:\/\/santemc.quebec\/icentre\/wp-json\/wp\/v2\/tags?post=199121"}],"curies":[{"name":"wp","href":"https:\/\/api.w.org\/{rel}","templated":true}]}}