{"id":199137,"date":"2021-10-14T16:30:49","date_gmt":"2021-10-14T20:30:49","guid":{"rendered":"https:\/\/santemc.quebec\/icentre\/?p=199137"},"modified":"2021-10-14T16:30:49","modified_gmt":"2021-10-14T20:30:49","slug":"la-nuit-des-sans-abri-edition-2021","status":"publish","type":"post","link":"https:\/\/santemc.quebec\/icentre\/la-nuit-des-sans-abri-edition-2021\/","title":{"rendered":"La Nuit des sans-abri, \u00e9dition 2021"},"content":{"rendered":"<p><a href=\"https:\/\/santemc.quebec\/santemc\/icentre\/wp-content\/uploads\/2021\/10\/nuit_sans_abri_2021.jpg\"><img decoding=\"async\" loading=\"lazy\" class=\"size-medium wp-image-199139 alignleft\" src=\"https:\/\/santemc.quebec\/santemc\/icentre\/wp-content\/uploads\/2021\/10\/nuit_sans_abri_2021-300x97.jpg\" alt=\"\" width=\"300\" height=\"97\" srcset=\"https:\/\/santemc.quebec\/santemc\/icentre\/wp-content\/uploads\/2021\/10\/nuit_sans_abri_2021-300x97.jpg 300w, https:\/\/santemc.quebec\/santemc\/icentre\/wp-content\/uploads\/2021\/10\/nuit_sans_abri_2021-1024x332.jpg 1024w, https:\/\/santemc.quebec\/santemc\/icentre\/wp-content\/uploads\/2021\/10\/nuit_sans_abri_2021-768x249.jpg 768w, https:\/\/santemc.quebec\/santemc\/icentre\/wp-content\/uploads\/2021\/10\/nuit_sans_abri_2021-1536x498.jpg 1536w, https:\/\/santemc.quebec\/santemc\/icentre\/wp-content\/uploads\/2021\/10\/nuit_sans_abri_2021-2048x663.jpg 2048w, https:\/\/santemc.quebec\/santemc\/icentre\/wp-content\/uploads\/2021\/10\/nuit_sans_abri_2021-500x162.jpg 500w\" sizes=\"(max-width: 300px) 100vw, 300px\" \/><\/a><\/p>\n<p>La 32<sup>e<\/sup> \u00e9dition de la Nuit des sans-abri se tiendra le vendredi 15 octobre. Cet \u00e9v\u00e9nement annuel vise \u00e0 sensibiliser\u00a0la population aux situations de pauvret\u00e9, de d\u00e9saffiliation sociale et d\u2019itin\u00e9rance qui touchent de plus en plus de Qu\u00e9b\u00e9cois. L\u2019\u00e9v\u00e9nement se d\u00e9roulera cette ann\u00e9e dans quelque 40 villes du Qu\u00e9bec.<\/p>\n<p><!--more--><\/p>\n<p>Afin de sensibiliser la population au ph\u00e9nom\u00e8ne de l\u2019itin\u00e9rance, les organismes communautaires de notre territoire \u0153uvrant aupr\u00e8s de la client\u00e8le itin\u00e9rante ou \u00e0 risque de le devenir ont mis sur pied diff\u00e9rentes activit\u00e9s qui se d\u00e9rouleront dans la soir\u00e9e du 15 octobre.<\/p>\n<p>En ce qui concerne la r\u00e9gion de Longueuil, la programmation propos\u00e9e regroupe les initiatives de 12 organismes communautaires des villes de Saint-Lambert, Saint-Bruno et Longueuil. Pour plus de d\u00e9tails sur les activit\u00e9s se tenant dans votre ville, vous pouvez consulter la programmation compl\u00e8te sur la page Facebook de la Nuit des sans-abri de Longueuil.<\/p>\n<p><a href=\"https:\/\/www.facebook.com\/nuitdessansabrideLongueuil\" target=\"_blank\" rel=\"noopener\">https:\/\/www.facebook.com\/nuitdessansabrideLongueuil<\/a><\/p>\n<p>Dans la r\u00e9gion du Haut-Richelieu\u2013Rouville, la Nuit des sans-abri se tiendra de 17 h \u00e0 23 h sur la Place du march\u00e9 au centre-ville de Saint-Jean-sur-Richelieu. Diverses activit\u00e9s y seront propos\u00e9es telles qu\u2019une soupe populaire, des kiosques d\u2019information, des t\u00e9moignages, une collecte de v\u00eatements, etc.<\/p>\n<p>Aussi, vous pouvez visiter le site du R\u00e9seau solidarit\u00e9 itin\u00e9rance du Qu\u00e9bec pour conna\u00eetre la programmation offerte dans d\u2019autres villes du Qu\u00e9bec.<\/p>\n<p><a href=\"https:\/\/can01.safelinks.protection.outlook.com\/?url=https%3A%2F%2Frsiq.org%2Fla-nuit-des-sans-abri%2F&amp;data=04%7C01%7Cguylaine.goyette.cisssmc16%40ssss.gouv.qc.ca%7Cf8ce41d1b0ad4f9754d808d98d8e598d%7C06e1fe285f8b4075bf6cae24be1a7992%7C0%7C0%7C637696464784740961%7CUnknown%7CTWFpbGZsb3d8eyJWIjoiMC4wLjAwMDAiLCJQIjoiV2luMzIiLCJBTiI6Ik1haWwiLCJXVCI6Mn0%3D%7C1000&amp;sdata=h%2FYxOsfZz0dEJb9wVmLmI21i3hqariyby33k1MWFKkI%3D&amp;reserved=0\" target=\"_blank\" rel=\"noopener\">https:\/\/rsiq.org\/la-nuit-des-sans-abri\/<\/a><\/p>\n<p>Vous \u00eates invit\u00e9s \u00e0 participer \u00e0 la Nuit des sans-abri. C\u2019est une belle occasion de voir les personnes en situation d\u2019itin\u00e9rance autrement.<\/p>\n<p>&nbsp;<\/p>\n","protected":false},"excerpt":{"rendered":"<p>La 32e \u00e9dition de la Nuit des sans-abri se tiendra le vendredi 15 octobre. Cet \u00e9v\u00e9nement annuel vise \u00e0 sensibiliser\u00a0la population aux situations de pauvret\u00e9, de d\u00e9saffiliation sociale et d\u2019itin\u00e9rance qui touchent de plus en plus de Qu\u00e9b\u00e9cois. L\u2019\u00e9v\u00e9nement se &hellip; <a href=\"https:\/\/santemc.quebec\/icentre\/la-nuit-des-sans-abri-edition-2021\/\">Continuer la lecture <span class=\"meta-nav\">&rarr;<\/span><\/a><\/p>\n","protected":false},"author":9,"featured_media":0,"comment_status":"open","ping_status":"closed","sticky":false,"template":"","format":"standard","meta":{"footnotes":""},"categories":[1],"tags":[],"_links":{"self":[{"href":"https:\/\/santemc.quebec\/icentre\/wp-json\/wp\/v2\/posts\/199137"}],"collection":[{"href":"https:\/\/santemc.quebec\/icentre\/wp-json\/wp\/v2\/posts"}],"about":[{"href":"https:\/\/santemc.quebec\/icentre\/wp-json\/wp\/v2\/types\/post"}],"author":[{"embeddable":true,"href":"https:\/\/santemc.quebec\/icentre\/wp-json\/wp\/v2\/users\/9"}],"replies":[{"embeddable":true,"href":"https:\/\/santemc.quebec\/icentre\/wp-json\/wp\/v2\/comments?post=199137"}],"version-history":[{"count":2,"href":"https:\/\/santemc.quebec\/icentre\/wp-json\/wp\/v2\/posts\/199137\/revisions"}],"predecessor-version":[{"id":199140,"href":"https:\/\/santemc.quebec\/icentre\/wp-json\/wp\/v2\/posts\/199137\/revisions\/199140"}],"wp:attachment":[{"href":"https:\/\/santemc.quebec\/icentre\/wp-json\/wp\/v2\/media?parent=199137"}],"wp:term":[{"taxonomy":"category","embeddable":true,"href":"https:\/\/santemc.quebec\/icentre\/wp-json\/wp\/v2\/categories?post=199137"},{"taxonomy":"post_tag","embeddable":true,"href":"https:\/\/santemc.quebec\/icentre\/wp-json\/wp\/v2\/tags?post=199137"}],"curies":[{"name":"wp","href":"https:\/\/api.w.org\/{rel}","templated":true}]}}