{"id":199184,"date":"2021-10-19T17:24:56","date_gmt":"2021-10-19T21:24:56","guid":{"rendered":"https:\/\/santemc.quebec\/icentre\/?p=199184"},"modified":"2021-10-19T17:24:56","modified_gmt":"2021-10-19T21:24:56","slug":"admissibilite-aux-primes-et-aux-montants-forfaitaires-pour-les-personnes-salariees-non-adequatement-protegees","status":"publish","type":"post","link":"https:\/\/santemc.quebec\/icentre\/admissibilite-aux-primes-et-aux-montants-forfaitaires-pour-les-personnes-salariees-non-adequatement-protegees\/","title":{"rendered":"Admissibilit\u00e9 aux primes et aux montants forfaitaires pour les personnes salari\u00e9es non ad\u00e9quatement prot\u00e9g\u00e9es"},"content":{"rendered":"<p><a href=\"https:\/\/santemc.quebec\/santemc\/icentre\/wp-content\/uploads\/2021\/10\/2021-10-19_NS_vaccination_primes_2021-11-15.pdf\" target=\"_blank\" rel=\"noopener\">Lire la note de service<\/a><\/p>\n<p>&nbsp;<\/p>\n","protected":false},"excerpt":{"rendered":"<p>Lire la note de service &nbsp;<\/p>\n","protected":false},"author":1,"featured_media":0,"comment_status":"open","ping_status":"closed","sticky":false,"template":"","format":"standard","meta":{"footnotes":""},"categories":[1],"tags":[],"_links":{"self":[{"href":"https:\/\/santemc.quebec\/icentre\/wp-json\/wp\/v2\/posts\/199184"}],"collection":[{"href":"https:\/\/santemc.quebec\/icentre\/wp-json\/wp\/v2\/posts"}],"about":[{"href":"https:\/\/santemc.quebec\/icentre\/wp-json\/wp\/v2\/types\/post"}],"author":[{"embeddable":true,"href":"https:\/\/santemc.quebec\/icentre\/wp-json\/wp\/v2\/users\/1"}],"replies":[{"embeddable":true,"href":"https:\/\/santemc.quebec\/icentre\/wp-json\/wp\/v2\/comments?post=199184"}],"version-history":[{"count":2,"href":"https:\/\/santemc.quebec\/icentre\/wp-json\/wp\/v2\/posts\/199184\/revisions"}],"predecessor-version":[{"id":199187,"href":"https:\/\/santemc.quebec\/icentre\/wp-json\/wp\/v2\/posts\/199184\/revisions\/199187"}],"wp:attachment":[{"href":"https:\/\/santemc.quebec\/icentre\/wp-json\/wp\/v2\/media?parent=199184"}],"wp:term":[{"taxonomy":"category","embeddable":true,"href":"https:\/\/santemc.quebec\/icentre\/wp-json\/wp\/v2\/categories?post=199184"},{"taxonomy":"post_tag","embeddable":true,"href":"https:\/\/santemc.quebec\/icentre\/wp-json\/wp\/v2\/tags?post=199184"}],"curies":[{"name":"wp","href":"https:\/\/api.w.org\/{rel}","templated":true}]}}