{"id":199213,"date":"2021-10-25T08:30:03","date_gmt":"2021-10-25T12:30:03","guid":{"rendered":"https:\/\/santemc.quebec\/icentre\/?p=199213"},"modified":"2021-10-20T15:16:01","modified_gmt":"2021-10-20T19:16:01","slug":"enfants-des-employes-et-medecins-invites-a-dessiner-la-magie-du-temps-des-fetes%e2%80%89","status":"publish","type":"post","link":"https:\/\/santemc.quebec\/icentre\/enfants-des-employes-et-medecins-invites-a-dessiner-la-magie-du-temps-des-fetes%e2%80%89\/","title":{"rendered":"Enfants des employ\u00e9s et m\u00e9decins invit\u00e9s \u00e0 dessiner la magie du temps des F\u00eates\u2009!"},"content":{"rendered":"<p><a href=\"https:\/\/santemc.quebec\/santemc\/icentre\/wp-content\/uploads\/2021\/10\/concoursdessins.png\"><img decoding=\"async\" loading=\"lazy\" class=\"alignnone size-full wp-image-199215\" src=\"https:\/\/santemc.quebec\/santemc\/icentre\/wp-content\/uploads\/2021\/10\/concoursdessins.png\" alt=\"\" width=\"516\" height=\"241\" srcset=\"https:\/\/santemc.quebec\/santemc\/icentre\/wp-content\/uploads\/2021\/10\/concoursdessins.png 516w, https:\/\/santemc.quebec\/santemc\/icentre\/wp-content\/uploads\/2021\/10\/concoursdessins-300x140.png 300w, https:\/\/santemc.quebec\/santemc\/icentre\/wp-content\/uploads\/2021\/10\/concoursdessins-500x234.png 500w\" sizes=\"(max-width: 516px) 100vw, 516px\" \/><\/a><\/p>\n<p>Pour la sixi\u00e8me \u00e9dition du concours de dessins, les enfants des employ\u00e9s et m\u00e9decins sont invit\u00e9s \u00e0 soumettre le fruit de leur imagination afin de courir la chance d\u2019illustrer les cartes de v\u0153ux organisationnelles. Les dessins des enfants de 4 \u00e0 12\u00a0ans seront r\u00e9partis en trois groupes d\u2019\u00e2ge, et le gagnant de chacun de ces groupes remportera aussi un cadeau-surprise\u2009!<!--more--><\/p>\n<p>Le th\u00e8me qui doit inspirer leur cr\u00e9ation cette ann\u00e9e est <strong>\u00ab\u2009Dessine-moi la magie du temps des F\u00eates\u2009\u00bb<\/strong>.<\/p>\n<p>Nous avons bien h\u00e2te de voir les \u0153uvres de vos enfants\u2009!<\/p>\n<p><strong>Comment participer\u2009?<br \/>\n<\/strong>Une photo du dessin doit \u00eatre transmise <u>par courriel<\/u> avant le <strong>19\u00a0novembre, 16\u00a0h, <\/strong>\u00e0 l\u2019adresse suivante\u00a0:<strong> comm.cisssmc16@ssss.gouv.qc.ca<\/strong><\/p>\n<p>Un participant ne peut soumettre plus d\u2019un dessin, et ce dernier doit \u00eatre de format lettre (8,5\u00a0pouces sur 11\u00a0pouces), orientation paysage (horizontale).<\/p>\n<p>Afin de retrouver l\u2019artiste, <strong>il est essentiel<\/strong> d\u2019identifier l\u2019enfant (nom, pr\u00e9nom et \u00e2ge) et le parent (nom, pr\u00e9nom, titre d\u2019emploi, adresse courriel et nom de l\u2019installation o\u00f9 vous travaillez) dans le courriel.<\/p>\n<p><strong>Les gagnants seront d\u00e9voil\u00e9s en d\u00e9cembre.<\/strong><\/p>\n<p>Les r\u00e8glements du concours sont disponibles sur <a href=\"https:\/\/intranetcisssmc.rtss.qc.ca\/directions-administratives\/direction-des-ressources-humaines-du-developpement-organisationnel-et-des-affaires-juridiques\/developpement-de-lorganisation-de-lindividu-et-des-talents\/reconnaissance\"><strong>intranet<\/strong><\/a>.<\/p>\n<p><a href=\"https:\/\/santemc.quebec\/santemc\/icentre\/wp-content\/uploads\/2021\/10\/afficheVF.pdf\" target=\"_blank\" rel=\"noopener\">Voir l\u2019affiche promotionnelle<\/a><\/p>\n","protected":false},"excerpt":{"rendered":"<p>Pour la sixi\u00e8me \u00e9dition du concours de dessins, les enfants des employ\u00e9s et m\u00e9decins sont invit\u00e9s \u00e0 soumettre le fruit de leur imagination afin de courir la chance d\u2019illustrer les cartes de v\u0153ux organisationnelles. Les dessins des enfants de 4 &hellip; <a href=\"https:\/\/santemc.quebec\/icentre\/enfants-des-employes-et-medecins-invites-a-dessiner-la-magie-du-temps-des-fetes%e2%80%89\/\">Continuer la lecture <span class=\"meta-nav\">&rarr;<\/span><\/a><\/p>\n","protected":false},"author":32,"featured_media":0,"comment_status":"open","ping_status":"closed","sticky":false,"template":"","format":"standard","meta":{"footnotes":""},"categories":[1],"tags":[],"_links":{"self":[{"href":"https:\/\/santemc.quebec\/icentre\/wp-json\/wp\/v2\/posts\/199213"}],"collection":[{"href":"https:\/\/santemc.quebec\/icentre\/wp-json\/wp\/v2\/posts"}],"about":[{"href":"https:\/\/santemc.quebec\/icentre\/wp-json\/wp\/v2\/types\/post"}],"author":[{"embeddable":true,"href":"https:\/\/santemc.quebec\/icentre\/wp-json\/wp\/v2\/users\/32"}],"replies":[{"embeddable":true,"href":"https:\/\/santemc.quebec\/icentre\/wp-json\/wp\/v2\/comments?post=199213"}],"version-history":[{"count":1,"href":"https:\/\/santemc.quebec\/icentre\/wp-json\/wp\/v2\/posts\/199213\/revisions"}],"predecessor-version":[{"id":199216,"href":"https:\/\/santemc.quebec\/icentre\/wp-json\/wp\/v2\/posts\/199213\/revisions\/199216"}],"wp:attachment":[{"href":"https:\/\/santemc.quebec\/icentre\/wp-json\/wp\/v2\/media?parent=199213"}],"wp:term":[{"taxonomy":"category","embeddable":true,"href":"https:\/\/santemc.quebec\/icentre\/wp-json\/wp\/v2\/categories?post=199213"},{"taxonomy":"post_tag","embeddable":true,"href":"https:\/\/santemc.quebec\/icentre\/wp-json\/wp\/v2\/tags?post=199213"}],"curies":[{"name":"wp","href":"https:\/\/api.w.org\/{rel}","templated":true}]}}