{"id":199220,"date":"2021-10-20T16:14:15","date_gmt":"2021-10-20T20:14:15","guid":{"rendered":"https:\/\/santemc.quebec\/icentre\/?p=199220"},"modified":"2021-10-20T16:14:15","modified_gmt":"2021-10-20T20:14:15","slug":"20-octobre-journee-internationale-des-cuisiniers","status":"publish","type":"post","link":"https:\/\/santemc.quebec\/icentre\/20-octobre-journee-internationale-des-cuisiniers\/","title":{"rendered":"20 octobre : Journ\u00e9e internationale des cuisiniers"},"content":{"rendered":"<p>Ils sont 39 et ils sont capables de sustenter une arm\u00e9e! Du matin au soir, les cuisiniers et cuisini\u00e8res de notre organisation s\u2019activent en cuisine pour pr\u00e9parer tous les mets qui seront d\u00e9gust\u00e9s par les usagers, r\u00e9sidents, employ\u00e9s et visiteurs de nos installations.<\/p>\n<p><!--more--><\/p>\n<p>En cette Journ\u00e9e internationale des cuisiniers, nous souhaitons souligner l\u2019apport important de ces hommes et ces femmes qui travaillent avec passion et professionnalisme pour nourrir toute la communaut\u00e9 cissienne. Qu\u2019ils \u00e9voluent en milieu hospitalier ou en CHSLD, nos chefs doivent adapter r\u00e9guli\u00e8rement leur menu aux conditions particuli\u00e8res des r\u00e9sidents ou des usagers. Ils d\u00e9montrent un grand savoir-faire dans la pr\u00e9paration des aliments dans un contexte de grande production.<\/p>\n<p>Il faut \u00e9galement souligner que les cuisiniers font partie d\u2019une \u00e9quipe des plus efficaces avec les aide-cuisiniers, les techniciens en di\u00e9t\u00e9tique et les pr\u00e9pos\u00e9s aux services alimentaires. Ensemble, ils arrivent \u00e0 servir des centaines, voire des milliers de repas matin, midi et soir.<\/p>\n<p>\u00c0 tous les cuisiniers et toutes les cuisini\u00e8res\u00a0: merci pour votre travail!<\/p>\n","protected":false},"excerpt":{"rendered":"<p>Ils sont 39 et ils sont capables de sustenter une arm\u00e9e! Du matin au soir, les cuisiniers et cuisini\u00e8res de notre organisation s\u2019activent en cuisine pour pr\u00e9parer tous les mets qui seront d\u00e9gust\u00e9s par les usagers, r\u00e9sidents, employ\u00e9s et visiteurs &hellip; <a href=\"https:\/\/santemc.quebec\/icentre\/20-octobre-journee-internationale-des-cuisiniers\/\">Continuer la lecture <span class=\"meta-nav\">&rarr;<\/span><\/a><\/p>\n","protected":false},"author":9,"featured_media":0,"comment_status":"open","ping_status":"closed","sticky":false,"template":"","format":"standard","meta":{"footnotes":""},"categories":[1],"tags":[],"_links":{"self":[{"href":"https:\/\/santemc.quebec\/icentre\/wp-json\/wp\/v2\/posts\/199220"}],"collection":[{"href":"https:\/\/santemc.quebec\/icentre\/wp-json\/wp\/v2\/posts"}],"about":[{"href":"https:\/\/santemc.quebec\/icentre\/wp-json\/wp\/v2\/types\/post"}],"author":[{"embeddable":true,"href":"https:\/\/santemc.quebec\/icentre\/wp-json\/wp\/v2\/users\/9"}],"replies":[{"embeddable":true,"href":"https:\/\/santemc.quebec\/icentre\/wp-json\/wp\/v2\/comments?post=199220"}],"version-history":[{"count":1,"href":"https:\/\/santemc.quebec\/icentre\/wp-json\/wp\/v2\/posts\/199220\/revisions"}],"predecessor-version":[{"id":199221,"href":"https:\/\/santemc.quebec\/icentre\/wp-json\/wp\/v2\/posts\/199220\/revisions\/199221"}],"wp:attachment":[{"href":"https:\/\/santemc.quebec\/icentre\/wp-json\/wp\/v2\/media?parent=199220"}],"wp:term":[{"taxonomy":"category","embeddable":true,"href":"https:\/\/santemc.quebec\/icentre\/wp-json\/wp\/v2\/categories?post=199220"},{"taxonomy":"post_tag","embeddable":true,"href":"https:\/\/santemc.quebec\/icentre\/wp-json\/wp\/v2\/tags?post=199220"}],"curies":[{"name":"wp","href":"https:\/\/api.w.org\/{rel}","templated":true}]}}