{"id":199273,"date":"2021-10-22T17:14:27","date_gmt":"2021-10-22T21:14:27","guid":{"rendered":"https:\/\/santemc.quebec\/icentre\/?p=199273"},"modified":"2021-10-22T17:14:27","modified_gmt":"2021-10-22T21:14:27","slug":"rehaussement-du-nombre-dheures-hebdomadaires-de-travail-en-lien-avec-la-convention-collective-fiq","status":"publish","type":"post","link":"https:\/\/santemc.quebec\/icentre\/rehaussement-du-nombre-dheures-hebdomadaires-de-travail-en-lien-avec-la-convention-collective-fiq\/","title":{"rendered":"Rehaussement du nombre d\u2019heures hebdomadaires de travail en lien avec la convention collective FIQ"},"content":{"rendered":"<ul>\n<li><a href=\"https:\/\/santemc.quebec\/santemc\/icentre\/wp-content\/uploads\/2021\/10\/2021-10-22-NS_rehaussement_semaine_travail_categorie_1_FIQ.pdf\" target=\"_blank\" rel=\"noopener\">Lire la note de service<\/a><\/li>\n<li><a href=\"https:\/\/santemc.quebec\/santemc\/icentre\/wp-content\/uploads\/2021\/10\/2021-10-22_NS_pj_Mode_pas_a_pas_sensibilisation_realites_autochtones.pdf\" target=\"_blank\" rel=\"noopener\">Mode pas \u00e0 pas : Sensibilisation aux r\u00e9alit\u00e9s autochtones<\/a><\/li>\n<li><a href=\"https:\/\/santemc.quebec\/santemc\/icentre\/wp-content\/uploads\/2021\/10\/2021-10-22_NS_pj_FCP_Pas_a_pas_POPUPS.pdf\" target=\"_blank\" rel=\"noopener\">Pas-\u00e0-pas pour d\u00e9bloquer les fen\u00eatres surgissantes sur la plateforme FCP<\/a><\/li>\n<\/ul>\n<p>&nbsp;<\/p>\n","protected":false},"excerpt":{"rendered":"<p>Lire la note de service Mode pas \u00e0 pas : Sensibilisation aux r\u00e9alit\u00e9s autochtones Pas-\u00e0-pas pour d\u00e9bloquer les fen\u00eatres surgissantes sur la plateforme FCP &nbsp;<\/p>\n","protected":false},"author":1,"featured_media":0,"comment_status":"open","ping_status":"closed","sticky":false,"template":"","format":"standard","meta":{"footnotes":""},"categories":[1],"tags":[],"_links":{"self":[{"href":"https:\/\/santemc.quebec\/icentre\/wp-json\/wp\/v2\/posts\/199273"}],"collection":[{"href":"https:\/\/santemc.quebec\/icentre\/wp-json\/wp\/v2\/posts"}],"about":[{"href":"https:\/\/santemc.quebec\/icentre\/wp-json\/wp\/v2\/types\/post"}],"author":[{"embeddable":true,"href":"https:\/\/santemc.quebec\/icentre\/wp-json\/wp\/v2\/users\/1"}],"replies":[{"embeddable":true,"href":"https:\/\/santemc.quebec\/icentre\/wp-json\/wp\/v2\/comments?post=199273"}],"version-history":[{"count":1,"href":"https:\/\/santemc.quebec\/icentre\/wp-json\/wp\/v2\/posts\/199273\/revisions"}],"predecessor-version":[{"id":199277,"href":"https:\/\/santemc.quebec\/icentre\/wp-json\/wp\/v2\/posts\/199273\/revisions\/199277"}],"wp:attachment":[{"href":"https:\/\/santemc.quebec\/icentre\/wp-json\/wp\/v2\/media?parent=199273"}],"wp:term":[{"taxonomy":"category","embeddable":true,"href":"https:\/\/santemc.quebec\/icentre\/wp-json\/wp\/v2\/categories?post=199273"},{"taxonomy":"post_tag","embeddable":true,"href":"https:\/\/santemc.quebec\/icentre\/wp-json\/wp\/v2\/tags?post=199273"}],"curies":[{"name":"wp","href":"https:\/\/api.w.org\/{rel}","templated":true}]}}