{"id":199320,"date":"2021-10-27T11:51:02","date_gmt":"2021-10-27T15:51:02","guid":{"rendered":"https:\/\/santemc.quebec\/icentre\/?p=199320"},"modified":"2021-10-27T18:10:49","modified_gmt":"2021-10-27T22:10:49","slug":"agrement-capsule-dinformation-no-1-copy-copy-copy-copy-copy-copy-copy-copy-copy-copy-copy-copy-copy-copy-copy-copy-copy-copy-copy-copy-copy-copy-copy-copy-copy-copy-copy-copy-copy-copy-copy-copy-copy","status":"publish","type":"post","link":"https:\/\/santemc.quebec\/icentre\/agrement-capsule-dinformation-no-1-copy-copy-copy-copy-copy-copy-copy-copy-copy-copy-copy-copy-copy-copy-copy-copy-copy-copy-copy-copy-copy-copy-copy-copy-copy-copy-copy-copy-copy-copy-copy-copy-copy\/","title":{"rendered":"Agr\u00e9ment : capsule d&rsquo;information no 4"},"content":{"rendered":"<p><strong><span style=\"color: #e7242a;\"><a href=\"http:\/\/santemc.quebec\/santemc\/icentre\/wp-content\/uploads\/2019\/05\/agrement.png\"><img decoding=\"async\" loading=\"lazy\" class=\" wp-image-10364 alignleft\" src=\"http:\/\/santemc.quebec\/santemc\/icentre\/wp-content\/uploads\/2019\/05\/agrement.png\" alt=\"\" width=\"186\" height=\"188\" \/><\/a><\/span><\/strong><\/p>\n<p><strong><span style=\"color: #e7242a;\">Sujet : La pr\u00e9vention du suicide<b><br \/>\n<\/b><\/span><\/strong><\/p>\n<p><strong><span style=\"color: #e7242a;\"><b><\/b>Public vis\u00e9 : Tous les employ\u00e9s, m\u00e9decins et gestionnaires<\/span><\/strong><\/p>\n<p>La Direction des programmes sant\u00e9 mentale et d\u00e9pendance travaille sur diff\u00e9rents programmes et projets afin de consolider tous les efforts en mati\u00e8re de pr\u00e9vention du suicide. Bien que le suicide soit un geste individuel, il s\u2019inscrit dans un contexte plus large d\u2019interactions entre la personne, sa communaut\u00e9 imm\u00e9diate et la soci\u00e9t\u00e9 en g\u00e9n\u00e9ral. Ainsi, la pr\u00e9vention du suicide est un enjeu \u00e0 consid\u00e9rer dans l\u2019ensemble de l\u2019organisation et requiert la vigilance de chacun.<\/p>\n<p><!--more--><\/p>\n<p>Concr\u00e8tement, la pr\u00e9vention du suicide demande des intervenants et de l\u2019\u00e9quipe soignante des actions afin de :<\/p>\n<ul>\n<li>cerner les usagers \u00e0 risque;<\/li>\n<li>\u00e9valuer la dangerosit\u00e9 de passage \u00e0 l\u2019acte suicidaire;<\/li>\n<li>r\u00e9pondre aux besoins imm\u00e9diats de s\u00e9curit\u00e9;<\/li>\n<li>\u00e9tablir des strat\u00e9gies d\u2019intervention et de suivi;<\/li>\n<li>consigner l\u2019information au dossier.<\/li>\n<\/ul>\n<p style=\"text-align: center;\"><strong>\u00catre \u00e0 l\u2019\u00e9coute, rep\u00e9rer les personnes en d\u00e9tresse, r\u00e9f\u00e9rer et transmettre de l\u2019information : C\u2019EST PR\u00c9VENIR!<\/strong><\/p>\n<p><strong><span style=\"color: #e7242a;\">Mieux comprendre et savoir quoi faire<br \/>\n<\/span><\/strong><\/p>\n<p>Les capsules de formation ci-dessous sont disponibles pour tous les employ\u00e9s sur l\u2019environnement num\u00e9rique d\u2019apprentissage (ENA) afin de mieux comprendre le ph\u00e9nom\u00e8ne du suicide, susciter la r\u00e9flexion et savoir quoi faire.<\/p>\n<ul>\n<li><a href=\"https:\/\/fcp.rtss.qc.ca\/enrol\/index.php?id=3875\" target=\"_blank\" rel=\"noopener\">Introduction \u00e0 la d\u00e9tection du risque suicidaire<\/a> &#8211;<br \/>\nDur\u00e9e : 13 minutes<\/li>\n<li><a href=\"https:\/\/fcp.rtss.qc.ca\/enrol\/index.php?id=3094\" target=\"_blank\" rel=\"noopener\">D\u00e9tection, d\u00e9pistage et \u00e9valuation aupr\u00e8s d\u2019une personne de 14 ans et plus pr\u00e9sentant un risque suicidaire<\/a> &#8211;<br \/>\nDur\u00e9e : 60 minutes<\/li>\n<\/ul>\n<p><strong><span style=\"color: #e7242a;\">Initiatives en cours au CISSSMC<\/span><\/strong><\/p>\n<ul>\n<li>Comit\u00e9s internes permanents sur la pr\u00e9vention du suicide<\/li>\n<li>Partenariat avec le Service de police de Saint-Jean-sur-Richelieu et les organismes du milieu<\/li>\n<li>Mise en place d\u2019un suivi plus \u00e9troit des usagers \u00e0 risque<\/li>\n<li>R\u00e9vision de la trajectoire des services \u00e0 l&rsquo;urgence pour les usagers \u00e0 risque<\/li>\n<li>Tableaux de bord, avec diff\u00e9rents indicateurs, permettant de suivre les r\u00e9sultats pour chaque p\u00e9riode, dans les deux h\u00f4pitaux<\/li>\n<li>Formations sp\u00e9cifiques \u00e0 la pr\u00e9vention du suicide destin\u00e9es au personnel<\/li>\n<li>Campagne de sensibilisation <a href=\"https:\/\/www.santemonteregie.qc.ca\/centre\/nouvelles\/est-la-des-ressources-pour-les-personnes-en-difficulte\" target=\"_blank\" rel=\"noopener\">\u00ab On est l\u00e0! \u00bb<\/a><\/li>\n<\/ul>\n<p><strong><span style=\"color: #e7242a;\">Saisir l&rsquo;ampleur du ph\u00e9nom\u00e8ne<\/span><\/strong><\/p>\n<p>Selon l\u2019Institut national de sant\u00e9 publique du Qu\u00e9bec (INSPQ-2020*), 1 045 suicides ont \u00e9t\u00e9 enregistr\u00e9s au Qu\u00e9bec en 2017 (781 hommes et 264 femmes). Selon les statistiques, trois suicides se produisent chaque jour au Qu\u00e9bec.<\/p>\n<p>Les hommes repr\u00e9sentent 75 % des d\u00e9c\u00e8s par suicide, alors que les femmes repr\u00e9sentent 25 % des d\u00e9c\u00e8s par suicide. Les efforts de pr\u00e9vention ne doivent cependant pas n\u00e9gliger la r\u00e9alit\u00e9 des femmes, puisque celles-ci sont nombreuses \u00e0 faire des tentatives de suicide.<br \/>\nCertains d\u00e9c\u00e8s pourraient \u00eatre \u00e9vit\u00e9s par une d\u00e9tection pr\u00e9coce des signes de pens\u00e9es suicidaires et une intervention appropri\u00e9e.<\/p>\n<p><strong><span style=\"color: #e7242a;\">Besoin de soutien?<\/span><\/strong><\/p>\n<p>Pour obtenir du soutien, adressez-vous \u00e0 votre chef d\u2019\u00e9quipe ou aux intervenants de votre \u00e9quipe form\u00e9s sur la pr\u00e9vention du suicide.<\/p>\n<p>Pour vous accompagner avec un usager qui vous inqui\u00e8te et qui aura son cong\u00e9 sous peu ou pour appuyer une personne en d\u00e9tresse et\/ou ses proches :<\/p>\n<ul>\n<li>La ligne 1 866 APPELLE est un service confidentiel et disponible 24 heures sur 24, 7 jours sur 7.<\/li>\n<\/ul>\n<p>Pour diriger un proche qui a besoin de soutien :<\/p>\n<ul>\n<li>R\u00e9seau avant de craquer 1 855 272-7837 | 1 855 CRAQUER<\/li>\n<li>Site Internet : <a href=\"http:\/\/www.suicide.ca\" target=\"_blank\" rel=\"noopener\">www.suicide.ca<\/a><\/li>\n<\/ul>\n<p><a href=\"https:\/\/santemc.quebec\/santemc\/icentre\/wp-content\/uploads\/2021\/10\/No4-PreventionSuicide_2021-10-26.pdf\" target=\"_blank\" rel=\"noopener\">Version PDF pour impression et pour affichage dans vos secteurs<\/a><\/p>\n","protected":false},"excerpt":{"rendered":"<p>Sujet : La pr\u00e9vention du suicide Public vis\u00e9 : Tous les employ\u00e9s, m\u00e9decins et gestionnaires La Direction des programmes sant\u00e9 mentale et d\u00e9pendance travaille sur diff\u00e9rents programmes et projets afin de consolider tous les efforts en mati\u00e8re de pr\u00e9vention du &hellip; <a href=\"https:\/\/santemc.quebec\/icentre\/agrement-capsule-dinformation-no-1-copy-copy-copy-copy-copy-copy-copy-copy-copy-copy-copy-copy-copy-copy-copy-copy-copy-copy-copy-copy-copy-copy-copy-copy-copy-copy-copy-copy-copy-copy-copy-copy-copy\/\">Continuer la lecture <span class=\"meta-nav\">&rarr;<\/span><\/a><\/p>\n","protected":false},"author":9,"featured_media":0,"comment_status":"open","ping_status":"closed","sticky":false,"template":"","format":"standard","meta":{"footnotes":""},"categories":[1],"tags":[],"_links":{"self":[{"href":"https:\/\/santemc.quebec\/icentre\/wp-json\/wp\/v2\/posts\/199320"}],"collection":[{"href":"https:\/\/santemc.quebec\/icentre\/wp-json\/wp\/v2\/posts"}],"about":[{"href":"https:\/\/santemc.quebec\/icentre\/wp-json\/wp\/v2\/types\/post"}],"author":[{"embeddable":true,"href":"https:\/\/santemc.quebec\/icentre\/wp-json\/wp\/v2\/users\/9"}],"replies":[{"embeddable":true,"href":"https:\/\/santemc.quebec\/icentre\/wp-json\/wp\/v2\/comments?post=199320"}],"version-history":[{"count":3,"href":"https:\/\/santemc.quebec\/icentre\/wp-json\/wp\/v2\/posts\/199320\/revisions"}],"predecessor-version":[{"id":199324,"href":"https:\/\/santemc.quebec\/icentre\/wp-json\/wp\/v2\/posts\/199320\/revisions\/199324"}],"wp:attachment":[{"href":"https:\/\/santemc.quebec\/icentre\/wp-json\/wp\/v2\/media?parent=199320"}],"wp:term":[{"taxonomy":"category","embeddable":true,"href":"https:\/\/santemc.quebec\/icentre\/wp-json\/wp\/v2\/categories?post=199320"},{"taxonomy":"post_tag","embeddable":true,"href":"https:\/\/santemc.quebec\/icentre\/wp-json\/wp\/v2\/tags?post=199320"}],"curies":[{"name":"wp","href":"https:\/\/api.w.org\/{rel}","templated":true}]}}