{"id":199334,"date":"2021-10-27T18:09:21","date_gmt":"2021-10-27T22:09:21","guid":{"rendered":"https:\/\/santemc.quebec\/icentre\/?p=199334"},"modified":"2021-10-27T18:09:59","modified_gmt":"2021-10-27T22:09:59","slug":"maison-des-aines-de-saint-jean-sur-richelieu-un-chantier-qui-prend-de-lampleur","status":"publish","type":"post","link":"https:\/\/santemc.quebec\/icentre\/maison-des-aines-de-saint-jean-sur-richelieu-un-chantier-qui-prend-de-lampleur\/","title":{"rendered":"Maison des a\u00een\u00e9s de Saint-Jean-sur-Richelieu : un chantier qui prend de l\u2019ampleur!"},"content":{"rendered":"<p><a href=\"https:\/\/santemc.quebec\/santemc\/icentre\/wp-content\/uploads\/2021\/04\/20-863-06W_Bandeau_WEB_MDA_1920px-400px_V2-scaled.jpg\"><img decoding=\"async\" loading=\"lazy\" class=\"alignleft size-medium wp-image-195489\" src=\"https:\/\/santemc.quebec\/santemc\/icentre\/wp-content\/uploads\/2021\/04\/20-863-06W_Bandeau_WEB_MDA_1920px-400px_V2-300x63.jpg\" alt=\"\" width=\"300\" height=\"63\" srcset=\"https:\/\/santemc.quebec\/santemc\/icentre\/wp-content\/uploads\/2021\/04\/20-863-06W_Bandeau_WEB_MDA_1920px-400px_V2-300x63.jpg 300w, https:\/\/santemc.quebec\/santemc\/icentre\/wp-content\/uploads\/2021\/04\/20-863-06W_Bandeau_WEB_MDA_1920px-400px_V2-1024x213.jpg 1024w, https:\/\/santemc.quebec\/santemc\/icentre\/wp-content\/uploads\/2021\/04\/20-863-06W_Bandeau_WEB_MDA_1920px-400px_V2-768x160.jpg 768w, https:\/\/santemc.quebec\/santemc\/icentre\/wp-content\/uploads\/2021\/04\/20-863-06W_Bandeau_WEB_MDA_1920px-400px_V2-1536x320.jpg 1536w, https:\/\/santemc.quebec\/santemc\/icentre\/wp-content\/uploads\/2021\/04\/20-863-06W_Bandeau_WEB_MDA_1920px-400px_V2-2048x427.jpg 2048w, https:\/\/santemc.quebec\/santemc\/icentre\/wp-content\/uploads\/2021\/04\/20-863-06W_Bandeau_WEB_MDA_1920px-400px_V2-500x104.jpg 500w\" sizes=\"(max-width: 300px) 100vw, 300px\" \/><\/a>Au cours des derniers mois, les citoyens de Saint-Jean-sur-Richelieu et des environs qui empruntent r\u00e9guli\u00e8rement le boulevard Saint-Luc ont pu constater la progression rapide des travaux de construction de la future maison des a\u00een\u00e9s. Le chantier a en effet pris de l\u2019ampleur avec l\u2019\u00e9l\u00e9vation de la structure du b\u00e2timent de trois \u00e9tages qui comprendra 192 chambres.<!--more--><\/p>\n<p>Apr\u00e8s plusieurs travaux pr\u00e9paratoires effectu\u00e9s au printemps et \u00e0 l\u2019\u00e9t\u00e9 dernier, dont la<a href=\"https:\/\/santemc.quebec\/santemc\/icentre\/wp-content\/uploads\/2021\/10\/Structure_MDA_27oct.jpg\"><img decoding=\"async\" loading=\"lazy\" class=\"alignright size-medium wp-image-199335\" src=\"https:\/\/santemc.quebec\/santemc\/icentre\/wp-content\/uploads\/2021\/10\/Structure_MDA_27oct-300x199.jpg\" alt=\"\" width=\"300\" height=\"199\" srcset=\"https:\/\/santemc.quebec\/santemc\/icentre\/wp-content\/uploads\/2021\/10\/Structure_MDA_27oct-300x199.jpg 300w, https:\/\/santemc.quebec\/santemc\/icentre\/wp-content\/uploads\/2021\/10\/Structure_MDA_27oct-1024x680.jpg 1024w, https:\/\/santemc.quebec\/santemc\/icentre\/wp-content\/uploads\/2021\/10\/Structure_MDA_27oct-768x510.jpg 768w, https:\/\/santemc.quebec\/santemc\/icentre\/wp-content\/uploads\/2021\/10\/Structure_MDA_27oct-452x300.jpg 452w, https:\/\/santemc.quebec\/santemc\/icentre\/wp-content\/uploads\/2021\/10\/Structure_MDA_27oct.jpg 1192w\" sizes=\"(max-width: 300px) 100vw, 300px\" \/><\/a> construction d\u2019un nouveau stationnement pr\u00e8s du CHSLD Gertrude-Lafrance (CGL) et l\u2019am\u00e9nagement d\u2019une nouvelle voie d\u2019acc\u00e8s principale entre CGL et la future maison des a\u00een\u00e9s, l\u2019entrepreneur concentre maintenant tous ses efforts \u00e0 la construction m\u00eame du b\u00e2timent qui occupera une superficie d\u2019environ 70 000 pieds carr\u00e9s.<\/p>\n<p><a href=\"https:\/\/santemc.quebec\/santemc\/icentre\/wp-content\/uploads\/2021\/10\/Interieur_MDA_27oct.jpg\"><img decoding=\"async\" loading=\"lazy\" class=\"size-medium wp-image-199336 alignleft\" src=\"https:\/\/santemc.quebec\/santemc\/icentre\/wp-content\/uploads\/2021\/10\/Interieur_MDA_27oct-300x217.jpg\" alt=\"\" width=\"300\" height=\"217\" srcset=\"https:\/\/santemc.quebec\/santemc\/icentre\/wp-content\/uploads\/2021\/10\/Interieur_MDA_27oct-300x217.jpg 300w, https:\/\/santemc.quebec\/santemc\/icentre\/wp-content\/uploads\/2021\/10\/Interieur_MDA_27oct-1024x742.jpg 1024w, https:\/\/santemc.quebec\/santemc\/icentre\/wp-content\/uploads\/2021\/10\/Interieur_MDA_27oct-768x556.jpg 768w, https:\/\/santemc.quebec\/santemc\/icentre\/wp-content\/uploads\/2021\/10\/Interieur_MDA_27oct-414x300.jpg 414w, https:\/\/santemc.quebec\/santemc\/icentre\/wp-content\/uploads\/2021\/10\/Interieur_MDA_27oct.jpg 1189w\" sizes=\"(max-width: 300px) 100vw, 300px\" \/><\/a>La construction de l&rsquo;enveloppe (murs ext\u00e9rieurs) des trois sections qui composent la maison des a\u00een\u00e9s vient tout juste de d\u00e9buter et elle s&rsquo;\u00e9chelonnera sur plusieurs mois. Les travaux \u00e0 l\u2019int\u00e9rieur du b\u00e2timent prendront forme graduellement, car la prochaine \u00e9tape sera l\u2019installation des services de m\u00e9canique et d&rsquo;\u00e9lectricit\u00e9 du b\u00e2timent (plomberie, ventilation, \u00e9clairage, etc.) ainsi que les am\u00e9nagements int\u00e9rieurs (cloisons de gypse et plafonds) et finitions int\u00e9rieures par la suite.<\/p>\n<p>Rappelons que la livraison du projet est pr\u00e9vue \u00e0 l&rsquo;automne 2022 et l&rsquo;accueil des r\u00e9sidents se fera progressivement par la suite. La maison des a\u00een\u00e9s de Saint-Jean-sur-Richelieu est la plus grande qui sera construite au Qu\u00e9bec.<\/p>\n<div id=\"attachment_199337\" style=\"width: 594px\" class=\"wp-caption aligncenter\"><a href=\"https:\/\/santemc.quebec\/santemc\/icentre\/wp-content\/uploads\/2021\/10\/Chantier_MDA_27oct.jpg\"><img aria-describedby=\"caption-attachment-199337\" decoding=\"async\" loading=\"lazy\" class=\"wp-image-199337 size-large\" src=\"https:\/\/santemc.quebec\/santemc\/icentre\/wp-content\/uploads\/2021\/10\/Chantier_MDA_27oct-1024x496.jpg\" alt=\"\" width=\"584\" height=\"283\" srcset=\"https:\/\/santemc.quebec\/santemc\/icentre\/wp-content\/uploads\/2021\/10\/Chantier_MDA_27oct-1024x496.jpg 1024w, https:\/\/santemc.quebec\/santemc\/icentre\/wp-content\/uploads\/2021\/10\/Chantier_MDA_27oct-300x145.jpg 300w, https:\/\/santemc.quebec\/santemc\/icentre\/wp-content\/uploads\/2021\/10\/Chantier_MDA_27oct-768x372.jpg 768w, https:\/\/santemc.quebec\/santemc\/icentre\/wp-content\/uploads\/2021\/10\/Chantier_MDA_27oct-1536x744.jpg 1536w, https:\/\/santemc.quebec\/santemc\/icentre\/wp-content\/uploads\/2021\/10\/Chantier_MDA_27oct-500x242.jpg 500w, https:\/\/santemc.quebec\/santemc\/icentre\/wp-content\/uploads\/2021\/10\/Chantier_MDA_27oct.jpg 1591w\" sizes=\"(max-width: 584px) 100vw, 584px\" \/><\/a><p id=\"caption-attachment-199337\" class=\"wp-caption-text\">Vue d&rsquo;ensemble du chantier \u00e0 partir d&rsquo;une cam\u00e9ra install\u00e9e au 7e \u00e9tage du CHSLD Gertrude-Lafrance.<\/p><\/div>\n","protected":false},"excerpt":{"rendered":"<p>Au cours des derniers mois, les citoyens de Saint-Jean-sur-Richelieu et des environs qui empruntent r\u00e9guli\u00e8rement le boulevard Saint-Luc ont pu constater la progression rapide des travaux de construction de la future maison des a\u00een\u00e9s. Le chantier a en effet pris &hellip; <a href=\"https:\/\/santemc.quebec\/icentre\/maison-des-aines-de-saint-jean-sur-richelieu-un-chantier-qui-prend-de-lampleur\/\">Continuer la lecture <span class=\"meta-nav\">&rarr;<\/span><\/a><\/p>\n","protected":false},"author":1,"featured_media":0,"comment_status":"open","ping_status":"closed","sticky":false,"template":"","format":"standard","meta":{"footnotes":""},"categories":[1],"tags":[],"_links":{"self":[{"href":"https:\/\/santemc.quebec\/icentre\/wp-json\/wp\/v2\/posts\/199334"}],"collection":[{"href":"https:\/\/santemc.quebec\/icentre\/wp-json\/wp\/v2\/posts"}],"about":[{"href":"https:\/\/santemc.quebec\/icentre\/wp-json\/wp\/v2\/types\/post"}],"author":[{"embeddable":true,"href":"https:\/\/santemc.quebec\/icentre\/wp-json\/wp\/v2\/users\/1"}],"replies":[{"embeddable":true,"href":"https:\/\/santemc.quebec\/icentre\/wp-json\/wp\/v2\/comments?post=199334"}],"version-history":[{"count":4,"href":"https:\/\/santemc.quebec\/icentre\/wp-json\/wp\/v2\/posts\/199334\/revisions"}],"predecessor-version":[{"id":199341,"href":"https:\/\/santemc.quebec\/icentre\/wp-json\/wp\/v2\/posts\/199334\/revisions\/199341"}],"wp:attachment":[{"href":"https:\/\/santemc.quebec\/icentre\/wp-json\/wp\/v2\/media?parent=199334"}],"wp:term":[{"taxonomy":"category","embeddable":true,"href":"https:\/\/santemc.quebec\/icentre\/wp-json\/wp\/v2\/categories?post=199334"},{"taxonomy":"post_tag","embeddable":true,"href":"https:\/\/santemc.quebec\/icentre\/wp-json\/wp\/v2\/tags?post=199334"}],"curies":[{"name":"wp","href":"https:\/\/api.w.org\/{rel}","templated":true}]}}