{"id":199343,"date":"2021-10-28T10:27:56","date_gmt":"2021-10-28T14:27:56","guid":{"rendered":"https:\/\/santemc.quebec\/icentre\/?p=199343"},"modified":"2021-10-28T10:30:52","modified_gmt":"2021-10-28T14:30:52","slug":"bulletin-periscope-pres-dun-monteregien-sur-six-est-fortement-derange-par-le-bruit-copy-copy-copy-copy-copy-copy-copy-copy-copy-copy-copy-copy-copy-copy-copy-copy-copy-copy-copy-copy-copy-copy-copy-3","status":"publish","type":"post","link":"https:\/\/santemc.quebec\/icentre\/bulletin-periscope-pres-dun-monteregien-sur-six-est-fortement-derange-par-le-bruit-copy-copy-copy-copy-copy-copy-copy-copy-copy-copy-copy-copy-copy-copy-copy-copy-copy-copy-copy-copy-copy-copy-copy-3\/","title":{"rendered":"Bulletin P\u00e9riscope &#8211; Le trouble du spectre de l\u2019autisme : des donn\u00e9es pour sensibiliser la population"},"content":{"rendered":"<p><img decoding=\"async\" loading=\"lazy\" class=\"aligncenter wp-image-2877 size-full\" src=\"http:\/\/santemc.quebec\/santemc\/icentre\/wp-content\/uploads\/2016\/09\/periscope.png\" alt=\"periscope\" width=\"789\" height=\"163\" srcset=\"https:\/\/santemc.quebec\/santemc\/icentre\/wp-content\/uploads\/2016\/09\/periscope.png 789w, https:\/\/santemc.quebec\/santemc\/icentre\/wp-content\/uploads\/2016\/09\/periscope-300x62.png 300w, https:\/\/santemc.quebec\/santemc\/icentre\/wp-content\/uploads\/2016\/09\/periscope-768x159.png 768w, https:\/\/santemc.quebec\/santemc\/icentre\/wp-content\/uploads\/2016\/09\/periscope-500x103.png 500w\" sizes=\"(max-width: 789px) 100vw, 789px\" \/><\/p>\n<p>On d\u00e9nombre\u00a0<b>6\u00a0630 jeunes<\/b>\u00a0avec un trouble du spectre de l\u2019autisme (TSA) en Mont\u00e9r\u00e9gie, soit environ\u00a0<b>un jeune sur 45<\/b>.<\/p>\n<p>La pr\u00e9valence du TSA continue de s\u2019accro\u00eetre.<\/p>\n<p><!--more--><\/p>\n<p>Pour en savoir davantage sur les tendances actuelles dans la r\u00e9gion et certaines caract\u00e9ristiques des personnes autistes, vous \u00eates invit\u00e9s \u00e0 consulter le <a href=\"http:\/\/extranet.santemonteregie.qc.ca\/depot\/document\/3976\/Periscope-TSA-2021.pdf\" target=\"_blank\" rel=\"noopener\">num\u00e9ro suivant\u00a0<\/a>du bulletin P\u00e9riscope.<\/p>\n<p>Bonne lecture!<\/p>\n<p>&nbsp;<\/p>\n","protected":false},"excerpt":{"rendered":"<p>On d\u00e9nombre\u00a06\u00a0630 jeunes\u00a0avec un trouble du spectre de l\u2019autisme (TSA) en Mont\u00e9r\u00e9gie, soit environ\u00a0un jeune sur 45. La pr\u00e9valence du TSA continue de s\u2019accro\u00eetre.<\/p>\n","protected":false},"author":1,"featured_media":0,"comment_status":"open","ping_status":"closed","sticky":false,"template":"","format":"standard","meta":{"footnotes":""},"categories":[1],"tags":[44],"_links":{"self":[{"href":"https:\/\/santemc.quebec\/icentre\/wp-json\/wp\/v2\/posts\/199343"}],"collection":[{"href":"https:\/\/santemc.quebec\/icentre\/wp-json\/wp\/v2\/posts"}],"about":[{"href":"https:\/\/santemc.quebec\/icentre\/wp-json\/wp\/v2\/types\/post"}],"author":[{"embeddable":true,"href":"https:\/\/santemc.quebec\/icentre\/wp-json\/wp\/v2\/users\/1"}],"replies":[{"embeddable":true,"href":"https:\/\/santemc.quebec\/icentre\/wp-json\/wp\/v2\/comments?post=199343"}],"version-history":[{"count":3,"href":"https:\/\/santemc.quebec\/icentre\/wp-json\/wp\/v2\/posts\/199343\/revisions"}],"predecessor-version":[{"id":199346,"href":"https:\/\/santemc.quebec\/icentre\/wp-json\/wp\/v2\/posts\/199343\/revisions\/199346"}],"wp:attachment":[{"href":"https:\/\/santemc.quebec\/icentre\/wp-json\/wp\/v2\/media?parent=199343"}],"wp:term":[{"taxonomy":"category","embeddable":true,"href":"https:\/\/santemc.quebec\/icentre\/wp-json\/wp\/v2\/categories?post=199343"},{"taxonomy":"post_tag","embeddable":true,"href":"https:\/\/santemc.quebec\/icentre\/wp-json\/wp\/v2\/tags?post=199343"}],"curies":[{"name":"wp","href":"https:\/\/api.w.org\/{rel}","templated":true}]}}