{"id":199361,"date":"2021-11-01T18:26:49","date_gmt":"2021-11-01T22:26:49","guid":{"rendered":"https:\/\/santemc.quebec\/icentre\/?p=199361"},"modified":"2021-11-01T18:25:28","modified_gmt":"2021-11-01T22:25:28","slug":"deux-nouvelles-videos-pour-recruter-le-personnel-en-soins-infirmiers-et-cardio-respiratoires","status":"publish","type":"post","link":"https:\/\/santemc.quebec\/icentre\/deux-nouvelles-videos-pour-recruter-le-personnel-en-soins-infirmiers-et-cardio-respiratoires\/","title":{"rendered":"Deux nouvelles vid\u00e9os pour recruter le personnel en soins infirmiers et cardio-respiratoires"},"content":{"rendered":"<p><img decoding=\"async\" loading=\"lazy\" class=\"alignleft size-medium wp-image-199372\" src=\"https:\/\/santemc.quebec\/santemc\/icentre\/wp-content\/uploads\/2021\/10\/Capture_video_bienvenue-300x170.jpg\" alt=\"\" width=\"300\" height=\"170\" srcset=\"https:\/\/santemc.quebec\/santemc\/icentre\/wp-content\/uploads\/2021\/10\/Capture_video_bienvenue-300x170.jpg 300w, https:\/\/santemc.quebec\/santemc\/icentre\/wp-content\/uploads\/2021\/10\/Capture_video_bienvenue-500x283.jpg 500w, https:\/\/santemc.quebec\/santemc\/icentre\/wp-content\/uploads\/2021\/10\/Capture_video_bienvenue.jpg 581w\" sizes=\"(max-width: 300px) 100vw, 300px\" \/>Dans le cadre des mesures annonc\u00e9es par le gouvernement du Qu\u00e9bec pour favoriser le retour du personnel en soins infirmiers et cardio-respiratoires dans le r\u00e9seau de la sant\u00e9, le CISSS de la Mont\u00e9r\u00e9gie-Centre a lanc\u00e9 fin septembre sa campagne \u00ab\u00a0(Re)bienvenue chez vous!\u00a0\u00bb<\/p>\n<p><!--more--><\/p>\n<p>Plusieurs actions concr\u00e8tes ont \u00e9t\u00e9 d\u00e9ploy\u00e9es depuis un mois pour attirer les employ\u00e9s retrait\u00e9s et le personnel qui travaille \u00e0 l\u2019ext\u00e9rieur du r\u00e9seau. Une page Web et une ligne t\u00e9l\u00e9phonique d\u00e9di\u00e9e ont \u00e9t\u00e9 mises en place afin que les personnes int\u00e9ress\u00e9es \u00e0 revenir travailler au CISSSMC puissent joindre facilement un membre de l\u2019\u00e9quipe de la dotation. Plus de 2 286 communications (appels t\u00e9l\u00e9phoniques et courriels) ont aussi \u00e9t\u00e9 effectu\u00e9es aupr\u00e8s des infirmi\u00e8res, infirmi\u00e8res auxiliaires et inhaloth\u00e9rapeutes retrait\u00e9s de notre \u00e9tablissement.<\/p>\n<p>De plus, une campagne publicitaire sur les r\u00e9seaux sociaux est en cours depuis plusieurs semaines avec, entre autres, de nouvelles capsules vid\u00e9os mettant en lumi\u00e8re le personnel en soins infirmiers et cardio-respiratoires.<\/p>\n<p>Voici les vid\u00e9os que vous pourrez apercevoir sur Facebook, Instagram et LinkedIn au cours des prochains jours\u00a0:<\/p>\n<p><iframe loading=\"lazy\" title=\"Bienvenue_Entrevues.mp4\" src=\"https:\/\/player.vimeo.com\/video\/638767499?h=7bb45aecb9&amp;dnt=1&amp;app_id=122963\" width=\"584\" height=\"329\" frameborder=\"0\" allow=\"autoplay; fullscreen; picture-in-picture\" allowfullscreen><\/iframe><\/p>\n<p><iframe loading=\"lazy\" title=\"Bienvenue_court.mp4\" src=\"https:\/\/player.vimeo.com\/video\/638767263?h=33032205e0&amp;dnt=1&amp;app_id=122963\" width=\"584\" height=\"329\" frameborder=\"0\" allow=\"autoplay; fullscreen; picture-in-picture\" allowfullscreen><\/iframe><\/p>\n<p>L\u2019\u00e9quipe des communications tient d\u2019ailleurs \u00e0 remercier chaleureusement toutes les personnes qui ont accept\u00e9 de participer \u00e0 ces vid\u00e9os. Merci aussi aux gestionnaires qui nous ont aid\u00e9s \u00e0 coordonner les tournages.<\/p>\n","protected":false},"excerpt":{"rendered":"<p>Dans le cadre des mesures annonc\u00e9es par le gouvernement du Qu\u00e9bec pour favoriser le retour du personnel en soins infirmiers et cardio-respiratoires dans le r\u00e9seau de la sant\u00e9, le CISSS de la Mont\u00e9r\u00e9gie-Centre a lanc\u00e9 fin septembre sa campagne \u00ab\u00a0(Re)bienvenue &hellip; <a href=\"https:\/\/santemc.quebec\/icentre\/deux-nouvelles-videos-pour-recruter-le-personnel-en-soins-infirmiers-et-cardio-respiratoires\/\">Continuer la lecture <span class=\"meta-nav\">&rarr;<\/span><\/a><\/p>\n","protected":false},"author":9,"featured_media":0,"comment_status":"open","ping_status":"closed","sticky":false,"template":"","format":"standard","meta":{"footnotes":""},"categories":[1],"tags":[],"_links":{"self":[{"href":"https:\/\/santemc.quebec\/icentre\/wp-json\/wp\/v2\/posts\/199361"}],"collection":[{"href":"https:\/\/santemc.quebec\/icentre\/wp-json\/wp\/v2\/posts"}],"about":[{"href":"https:\/\/santemc.quebec\/icentre\/wp-json\/wp\/v2\/types\/post"}],"author":[{"embeddable":true,"href":"https:\/\/santemc.quebec\/icentre\/wp-json\/wp\/v2\/users\/9"}],"replies":[{"embeddable":true,"href":"https:\/\/santemc.quebec\/icentre\/wp-json\/wp\/v2\/comments?post=199361"}],"version-history":[{"count":4,"href":"https:\/\/santemc.quebec\/icentre\/wp-json\/wp\/v2\/posts\/199361\/revisions"}],"predecessor-version":[{"id":199373,"href":"https:\/\/santemc.quebec\/icentre\/wp-json\/wp\/v2\/posts\/199361\/revisions\/199373"}],"wp:attachment":[{"href":"https:\/\/santemc.quebec\/icentre\/wp-json\/wp\/v2\/media?parent=199361"}],"wp:term":[{"taxonomy":"category","embeddable":true,"href":"https:\/\/santemc.quebec\/icentre\/wp-json\/wp\/v2\/categories?post=199361"},{"taxonomy":"post_tag","embeddable":true,"href":"https:\/\/santemc.quebec\/icentre\/wp-json\/wp\/v2\/tags?post=199361"}],"curies":[{"name":"wp","href":"https:\/\/api.w.org\/{rel}","templated":true}]}}