{"id":199374,"date":"2021-11-04T09:20:16","date_gmt":"2021-11-04T13:20:16","guid":{"rendered":"https:\/\/santemc.quebec\/icentre\/?p=199374"},"modified":"2021-11-04T16:30:54","modified_gmt":"2021-11-04T20:30:54","slug":"seances-de-massage-gratuites-pour-les-employes-de-la-region-du-haut-richelieu","status":"publish","type":"post","link":"https:\/\/santemc.quebec\/icentre\/seances-de-massage-gratuites-pour-les-employes-de-la-region-du-haut-richelieu\/","title":{"rendered":"S\u00e9ances de massage gratuites pour les employ\u00e9s de la r\u00e9gion du Haut-Richelieu"},"content":{"rendered":"<p><a href=\"https:\/\/santemc.quebec\/santemc\/icentre\/wp-content\/uploads\/2021\/10\/massage_chaise.png\"><img decoding=\"async\" loading=\"lazy\" class=\" wp-image-199377 alignleft\" src=\"https:\/\/santemc.quebec\/santemc\/icentre\/wp-content\/uploads\/2021\/10\/massage_chaise-300x300.png\" alt=\"\" width=\"181\" height=\"181\" srcset=\"https:\/\/santemc.quebec\/santemc\/icentre\/wp-content\/uploads\/2021\/10\/massage_chaise-300x300.png 300w, https:\/\/santemc.quebec\/santemc\/icentre\/wp-content\/uploads\/2021\/10\/massage_chaise-150x150.png 150w, https:\/\/santemc.quebec\/santemc\/icentre\/wp-content\/uploads\/2021\/10\/massage_chaise.png 629w\" sizes=\"(max-width: 181px) 100vw, 181px\" \/><\/a><\/p>\n<div>\n<p class=\"x_x_MsoNormal\">La Fondation Sant\u00e9, en collaboration avec le CISSS de la Mont\u00e9r\u00e9gie-Centre, est fi\u00e8re d\u2019offrir <b>gratuitement<\/b>\u00a0au personnel de la sant\u00e9 de la r\u00e9gion du\u00a0Haut-Richelieu, des s\u00e9ances de massage sur chaise d\u2019une dur\u00e9e de 15 minutes afin de vous offrir un petit moment de r\u00e9pit.<\/p>\n<\/div>\n<p class=\"x_x_xxxxmsonormal\">Jusqu\u2019au temps des F\u00eates, venez profiter\u00a0des services de massoth\u00e9rapeutes directement sur votre lieu de travail, \u00e0 l\u2019H\u00f4pital du Haut-Richelieu. Plusieurs plages horaires sont disponibles afin de r\u00e9pondre \u00e0 vos pr\u00e9f\u00e9rences (matin-jour-soir-fin de semaine).\u00a0 <!--more--><\/p>\n<p class=\"x_x_xxxxmsonormal\"><b>4 plages horaires pour le CHSLD Gertrude-Lafrance\u00a0<\/b><\/p>\n<p class=\"x_x_xxxxmsonormal\">C\u2019est avec joie que nous offrons \u00e9galement 4 plages horaires en massoth\u00e9rapie pour le CHSLD Gertrude-Lafrance, le 13 et le 20 d\u00e9cembre de 7 h \u00e0 11 h ainsi que le 9 novembre et le 13 d\u00e9cembre de 16 h 45 \u00e0 20 h 45.<\/p>\n<p class=\"x_x_xxxxmsonormal\">R\u00e9servation obligatoire via ce lien :\u00a0<a title=\"URL d'origine\u00a0: https:\/\/fondationsante.com\/massage\/. Cliquez ou appuyez si vous faites confiance \u00e0 ce lien.\" href=\"https:\/\/can01.safelinks.protection.outlook.com\/?url=https%3A%2F%2Ffondationsante.com%2Fmassage%2F&amp;data=04%7C01%7Cfrancois.simard.agence16%40ssss.gouv.qc.ca%7C67a798b997b04caac62c08d99fd1c5c9%7C06e1fe285f8b4075bf6cae24be1a7992%7C0%7C0%7C637716545570622336%7CUnknown%7CTWFpbGZsb3d8eyJWIjoiMC4wLjAwMDAiLCJQIjoiV2luMzIiLCJBTiI6Ik1haWwiLCJXVCI6Mn0%3D%7C1000&amp;sdata=jc3YJ8lSukxuOQbm7UpuFNmojFP3%2BBAZ52YOholNx1U%3D&amp;reserved=0\" target=\"_blank\" rel=\"noopener noreferrer\" data-auth=\"Verified\" data-linkindex=\"0\">https:\/\/fondationsante.com\/massage\/<\/a><\/p>\n<p>&nbsp;<\/p>\n","protected":false},"excerpt":{"rendered":"<p>La Fondation Sant\u00e9, en collaboration avec le CISSS de la Mont\u00e9r\u00e9gie-Centre, est fi\u00e8re d\u2019offrir gratuitement\u00a0au personnel de la sant\u00e9 de la r\u00e9gion du\u00a0Haut-Richelieu, des s\u00e9ances de massage sur chaise d\u2019une dur\u00e9e de 15 minutes afin de vous offrir un petit &hellip; <a href=\"https:\/\/santemc.quebec\/icentre\/seances-de-massage-gratuites-pour-les-employes-de-la-region-du-haut-richelieu\/\">Continuer la lecture <span class=\"meta-nav\">&rarr;<\/span><\/a><\/p>\n","protected":false},"author":9,"featured_media":0,"comment_status":"open","ping_status":"closed","sticky":false,"template":"","format":"standard","meta":{"footnotes":""},"categories":[1],"tags":[],"_links":{"self":[{"href":"https:\/\/santemc.quebec\/icentre\/wp-json\/wp\/v2\/posts\/199374"}],"collection":[{"href":"https:\/\/santemc.quebec\/icentre\/wp-json\/wp\/v2\/posts"}],"about":[{"href":"https:\/\/santemc.quebec\/icentre\/wp-json\/wp\/v2\/types\/post"}],"author":[{"embeddable":true,"href":"https:\/\/santemc.quebec\/icentre\/wp-json\/wp\/v2\/users\/9"}],"replies":[{"embeddable":true,"href":"https:\/\/santemc.quebec\/icentre\/wp-json\/wp\/v2\/comments?post=199374"}],"version-history":[{"count":3,"href":"https:\/\/santemc.quebec\/icentre\/wp-json\/wp\/v2\/posts\/199374\/revisions"}],"predecessor-version":[{"id":199471,"href":"https:\/\/santemc.quebec\/icentre\/wp-json\/wp\/v2\/posts\/199374\/revisions\/199471"}],"wp:attachment":[{"href":"https:\/\/santemc.quebec\/icentre\/wp-json\/wp\/v2\/media?parent=199374"}],"wp:term":[{"taxonomy":"category","embeddable":true,"href":"https:\/\/santemc.quebec\/icentre\/wp-json\/wp\/v2\/categories?post=199374"},{"taxonomy":"post_tag","embeddable":true,"href":"https:\/\/santemc.quebec\/icentre\/wp-json\/wp\/v2\/tags?post=199374"}],"curies":[{"name":"wp","href":"https:\/\/api.w.org\/{rel}","templated":true}]}}