{"id":199390,"date":"2021-11-01T16:03:16","date_gmt":"2021-11-01T20:03:16","guid":{"rendered":"https:\/\/santemc.quebec\/icentre\/?p=199390"},"modified":"2021-11-01T16:09:07","modified_gmt":"2021-11-01T20:09:07","slug":"lumieres-dhiver-5-pour-illuminer-la-sante-une-nouvelle-campagne-aux-10-000-lumieres","status":"publish","type":"post","link":"https:\/\/santemc.quebec\/icentre\/lumieres-dhiver-5-pour-illuminer-la-sante-une-nouvelle-campagne-aux-10-000-lumieres\/","title":{"rendered":"Lumi\u00e8res d\u2019hiver : 5 $ pour illuminer la sant\u00e9 &#8212; Une nouvelle campagne aux 10 000 lumi\u00e8res"},"content":{"rendered":"<p><a href=\"https:\/\/santemc.quebec\/santemc\/icentre\/wp-content\/uploads\/2021\/11\/Site-web.png\"><img decoding=\"async\" loading=\"lazy\" class=\"size-medium wp-image-199397 alignleft\" src=\"https:\/\/santemc.quebec\/santemc\/icentre\/wp-content\/uploads\/2021\/11\/Site-web-300x300.png\" alt=\"\" width=\"300\" height=\"300\" srcset=\"https:\/\/santemc.quebec\/santemc\/icentre\/wp-content\/uploads\/2021\/11\/Site-web-300x300.png 300w, https:\/\/santemc.quebec\/santemc\/icentre\/wp-content\/uploads\/2021\/11\/Site-web-1024x1024.png 1024w, https:\/\/santemc.quebec\/santemc\/icentre\/wp-content\/uploads\/2021\/11\/Site-web-150x150.png 150w, https:\/\/santemc.quebec\/santemc\/icentre\/wp-content\/uploads\/2021\/11\/Site-web-768x768.png 768w, https:\/\/santemc.quebec\/santemc\/icentre\/wp-content\/uploads\/2021\/11\/Site-web.png 1080w\" sizes=\"(max-width: 300px) 100vw, 300px\" \/><\/a>D\u00e8s le mois de novembre, les employ\u00e9s de l\u2019H\u00f4pital du Haut-Richelieu pourront admirer le sapin g\u00e9ant qui sera \u00e9rig\u00e9 sur leur lieu de travail. Vous, ainsi que les r\u00e9sidents de notre grande r\u00e9gion, \u00eates invit\u00e9s \u00e0 illuminer ce sapin en achetant votre lumi\u00e8re au co\u00fbt de 5 $ sur <a href=\"http:\/\/www.jedonnelumieres.com\/\" target=\"_blank\" rel=\"noopener\">www.jedonnelumieres.com<\/a>.<\/p>\n<p>Ce sont 10 000 lumi\u00e8res qui brilleront afin de permettent d\u2019illuminer la sant\u00e9 et de r\u00e9chauffer le c\u0153ur des patients et le v\u00f4tre, chers travailleurs de la sant\u00e9.<\/p>\n<p><!--more--><\/p>\n<p><strong>Assistez \u00e0 la c\u00e9r\u00e9monie d\u2019illumination<br \/>\n<\/strong>Vous \u00eates invit\u00e9s \u00e0 la c\u00e9r\u00e9monie d\u2019illumination du sapin g\u00e9ant qui se tiendra le 25 novembre \u00e0 18 h devant l\u2019H\u00f4pital du Haut-Richelieu. Faites vite, les r\u00e9servations sont obligatoires et les places sont limit\u00e9es! D\u00e9tails et formulaire d\u2019inscription sur <a href=\"https:\/\/fondationsante.com\/?page_id=5768&amp;preview=true\" target=\"_blank\" rel=\"noopener\">https:\/\/fondationsante.com\/je-participe\/lumieres\/<\/a><\/p>\n<p>Parmi les activit\u00e9s sur place, vous pourrez prendre une photo dans un d\u00e9cor des f\u00eates en compagnie de votre famille et amis, boire un breuvage chaud et profiter de l\u2019ambiance f\u00e9\u00e9rique en bonne compagnie.<\/p>\n<p><strong>Les six CHSLD du RLS Haut-Richelieu\u2013Rouville brilleront de mille feux!<br \/>\n<\/strong>La magie se transportera \u00e9galement dans le quotidien des r\u00e9sidents et du personnel des six CHSLD du RLS Haut-Richelieu\u2013Rouville gr\u00e2ce \u00e0 un d\u00e9cor festif fait sp\u00e9cialement pour eux, dans lequel ils pourront cr\u00e9er des souvenirs photos avec leur famille et amis tout au long de la p\u00e9riode des f\u00eates.<\/p>\n<p><strong>Un don pour la<\/strong> <strong>sant\u00e9 mentale<br \/>\n<\/strong>En illuminant le grand sapin, vous contribuez au financement du projet majeur <em>B\u00e2tir ensemble<\/em>, pour la transformation compl\u00e8te de l\u2019unit\u00e9 de psychiatrie de votre h\u00f4pital. Vous aidez vos coll\u00e8gues ainsi que les patients \u00e0 vivre dans un milieu spacieux, agr\u00e9able et s\u00e9curitaire.<\/p>\n<p>\u00ab Ensemble, b\u00e2tissons un environnement digne et propice au r\u00e9tablissement des patients qui sont trait\u00e9s en sant\u00e9 mentale \u00bb, Dre Evelyne Thuot, psychiatre, chef du d\u00e9partement de psychiatrie \u00e0 l&rsquo;H\u00f4pital du Haut-Richelieu<\/p>\n<p>&nbsp;<\/p>\n","protected":false},"excerpt":{"rendered":"<p>D\u00e8s le mois de novembre, les employ\u00e9s de l\u2019H\u00f4pital du Haut-Richelieu pourront admirer le sapin g\u00e9ant qui sera \u00e9rig\u00e9 sur leur lieu de travail. Vous, ainsi que les r\u00e9sidents de notre grande r\u00e9gion, \u00eates invit\u00e9s \u00e0 illuminer ce sapin en &hellip; <a href=\"https:\/\/santemc.quebec\/icentre\/lumieres-dhiver-5-pour-illuminer-la-sante-une-nouvelle-campagne-aux-10-000-lumieres\/\">Continuer la lecture <span class=\"meta-nav\">&rarr;<\/span><\/a><\/p>\n","protected":false},"author":9,"featured_media":0,"comment_status":"open","ping_status":"closed","sticky":false,"template":"","format":"standard","meta":{"footnotes":""},"categories":[1],"tags":[],"_links":{"self":[{"href":"https:\/\/santemc.quebec\/icentre\/wp-json\/wp\/v2\/posts\/199390"}],"collection":[{"href":"https:\/\/santemc.quebec\/icentre\/wp-json\/wp\/v2\/posts"}],"about":[{"href":"https:\/\/santemc.quebec\/icentre\/wp-json\/wp\/v2\/types\/post"}],"author":[{"embeddable":true,"href":"https:\/\/santemc.quebec\/icentre\/wp-json\/wp\/v2\/users\/9"}],"replies":[{"embeddable":true,"href":"https:\/\/santemc.quebec\/icentre\/wp-json\/wp\/v2\/comments?post=199390"}],"version-history":[{"count":6,"href":"https:\/\/santemc.quebec\/icentre\/wp-json\/wp\/v2\/posts\/199390\/revisions"}],"predecessor-version":[{"id":199398,"href":"https:\/\/santemc.quebec\/icentre\/wp-json\/wp\/v2\/posts\/199390\/revisions\/199398"}],"wp:attachment":[{"href":"https:\/\/santemc.quebec\/icentre\/wp-json\/wp\/v2\/media?parent=199390"}],"wp:term":[{"taxonomy":"category","embeddable":true,"href":"https:\/\/santemc.quebec\/icentre\/wp-json\/wp\/v2\/categories?post=199390"},{"taxonomy":"post_tag","embeddable":true,"href":"https:\/\/santemc.quebec\/icentre\/wp-json\/wp\/v2\/tags?post=199390"}],"curies":[{"name":"wp","href":"https:\/\/api.w.org\/{rel}","templated":true}]}}