{"id":199420,"date":"2021-11-02T14:49:47","date_gmt":"2021-11-02T18:49:47","guid":{"rendered":"https:\/\/santemc.quebec\/icentre\/?p=199420"},"modified":"2021-11-02T14:50:38","modified_gmt":"2021-11-02T18:50:38","slug":"lancement-de-enmodeado-une-boite-a-outils-pour-soutenir-les-parents-dado","status":"publish","type":"post","link":"https:\/\/santemc.quebec\/icentre\/lancement-de-enmodeado-une-boite-a-outils-pour-soutenir-les-parents-dado\/","title":{"rendered":"Lancement de #EnModeAdo : une bo\u00eete \u00e0 outils pour soutenir les parents d\u2019ado"},"content":{"rendered":"<p style=\"text-align: left;\"><a href=\"https:\/\/santemc.quebec\/santemc\/icentre\/wp-content\/uploads\/2021\/11\/Accueil_siteWeb_Enmodeado.ca_.jpg\"><img decoding=\"async\" loading=\"lazy\" class=\"size-medium wp-image-199423 alignleft\" src=\"https:\/\/santemc.quebec\/santemc\/icentre\/wp-content\/uploads\/2021\/11\/Accueil_siteWeb_Enmodeado.ca_-300x167.jpg\" alt=\"\" width=\"300\" height=\"167\" srcset=\"https:\/\/santemc.quebec\/santemc\/icentre\/wp-content\/uploads\/2021\/11\/Accueil_siteWeb_Enmodeado.ca_-300x167.jpg 300w, https:\/\/santemc.quebec\/santemc\/icentre\/wp-content\/uploads\/2021\/11\/Accueil_siteWeb_Enmodeado.ca_-1024x570.jpg 1024w, https:\/\/santemc.quebec\/santemc\/icentre\/wp-content\/uploads\/2021\/11\/Accueil_siteWeb_Enmodeado.ca_-768x428.jpg 768w, https:\/\/santemc.quebec\/santemc\/icentre\/wp-content\/uploads\/2021\/11\/Accueil_siteWeb_Enmodeado.ca_-1536x855.jpg 1536w, https:\/\/santemc.quebec\/santemc\/icentre\/wp-content\/uploads\/2021\/11\/Accueil_siteWeb_Enmodeado.ca_-500x278.jpg 500w, https:\/\/santemc.quebec\/santemc\/icentre\/wp-content\/uploads\/2021\/11\/Accueil_siteWeb_Enmodeado.ca_.jpg 1620w\" sizes=\"(max-width: 300px) 100vw, 300px\" \/><\/a>Vendredi dernier avait lieu le lancement du projet de la Direction de sant\u00e9 publique (DSPu) de la Mont\u00e9r\u00e9gie intitul\u00e9 #EnModeAdo. L\u2019\u00e9v\u00e9nement virtuel a r\u00e9uni plus de 315 partenaires des quatre coins de la r\u00e9gion. Intervenants, enseignants, professionnels et gestionnaires de diff\u00e9rents services qui gravitent autour des familles ont assist\u00e9 avec int\u00e9r\u00eat \u00e0 la pr\u00e9sentation de la directrice de sant\u00e9 publique de la Mont\u00e9r\u00e9gie, Dre Julie Loslier, et de son \u00e9quipe.<\/p>\n<p><!--more--><\/p>\n<p>Qu\u2019est-ce que #EnModeAdo? Il s\u2019agit d\u2019un projet d\u2019envergure qui tire son origine du rapport de Dre Loslier sur l\u2019\u00e9tat de sant\u00e9 des adolescents. Intitul\u00e9<em>\u00a0La Mont\u00e9r\u00e9gie en mode ado\u00a0: parents inform\u00e9s, jeunes en sant\u00e9,\u00a0<\/em>le rapport dresse le portrait de la sant\u00e9 des adolescents \u00e2g\u00e9s de 12 \u00e0 17 ans et met en valeur le r\u00f4le indispensable des parents dans le d\u00e9veloppement, la sante\u0301 et le bien-\u00eatre des jeunes.<\/p>\n<p>Et pour aider les parents \u00e0 se mettre\u00a0<em>en mode ado<\/em>, l\u2019\u00e9quipe jeunesse de la DSPu a d\u00e9velopp\u00e9 un site Web, des capsules vid\u00e9o et une infolettre contenant une foule d\u2019informations, de conseils et astuces. Ces outils, tout comme le rapport, sont disponibles d\u00e8s maintenant au <a href=\"http:\/\/www.enmodeado.ca\" target=\"_blank\" rel=\"noopener\">www.enmodeado.ca<\/a><\/p>\n<p><strong>Pour mieux accompagner son ado<br \/>\n<\/strong><a href=\"https:\/\/santemc.quebec\/santemc\/icentre\/wp-content\/uploads\/2021\/11\/Exemple_page.jpg\"><img decoding=\"async\" loading=\"lazy\" class=\"alignright size-medium wp-image-199421\" src=\"https:\/\/santemc.quebec\/santemc\/icentre\/wp-content\/uploads\/2021\/11\/Exemple_page-300x157.jpg\" alt=\"\" width=\"300\" height=\"157\" srcset=\"https:\/\/santemc.quebec\/santemc\/icentre\/wp-content\/uploads\/2021\/11\/Exemple_page-300x157.jpg 300w, https:\/\/santemc.quebec\/santemc\/icentre\/wp-content\/uploads\/2021\/11\/Exemple_page-1024x535.jpg 1024w, https:\/\/santemc.quebec\/santemc\/icentre\/wp-content\/uploads\/2021\/11\/Exemple_page-768x401.jpg 768w, https:\/\/santemc.quebec\/santemc\/icentre\/wp-content\/uploads\/2021\/11\/Exemple_page-1536x803.jpg 1536w, https:\/\/santemc.quebec\/santemc\/icentre\/wp-content\/uploads\/2021\/11\/Exemple_page-500x261.jpg 500w, https:\/\/santemc.quebec\/santemc\/icentre\/wp-content\/uploads\/2021\/11\/Exemple_page.jpg 1624w\" sizes=\"(max-width: 300px) 100vw, 300px\" \/><\/a>Le site Web traite de nombreux sujets d\u2019int\u00e9r\u00eat (temps \u00e9cran, violence, sant\u00e9 mentale, image corporelle, etc.) qui sont bien vulgaris\u00e9s et pour lesquels les parents trouveront des exemples concrets et des ressources pouvant les aider \u00e0 mieux accompagner leur enfant.<\/p>\n<p>&nbsp;<\/p>\n<p>Soulignons que le site Web est appel\u00e9 \u00e0 \u00e9voluer au fil des prochains mois et prochaines ann\u00e9es puisque de nouvelles th\u00e9matiques seront ajout\u00e9es r\u00e9guli\u00e8rement. Pour rester \u00e0 l\u2019aff\u00fbt des nouveaut\u00e9s, les parents et les intervenants sont invit\u00e9s \u00e0 s\u2019abonner \u00e0 l\u2019infolettre #EnModeAdo qui sera diffus\u00e9e cinq fois par an.<\/p>\n<p><a href=\"https:\/\/santemc.quebec\/santemc\/icentre\/wp-content\/uploads\/2021\/11\/Visuel_siteWeb_videos.jpg\"><img decoding=\"async\" loading=\"lazy\" class=\"size-medium wp-image-199422 alignleft\" src=\"https:\/\/santemc.quebec\/santemc\/icentre\/wp-content\/uploads\/2021\/11\/Visuel_siteWeb_videos-300x189.jpg\" alt=\"\" width=\"300\" height=\"189\" srcset=\"https:\/\/santemc.quebec\/santemc\/icentre\/wp-content\/uploads\/2021\/11\/Visuel_siteWeb_videos-300x189.jpg 300w, https:\/\/santemc.quebec\/santemc\/icentre\/wp-content\/uploads\/2021\/11\/Visuel_siteWeb_videos-768x484.jpg 768w, https:\/\/santemc.quebec\/santemc\/icentre\/wp-content\/uploads\/2021\/11\/Visuel_siteWeb_videos-476x300.jpg 476w, https:\/\/santemc.quebec\/santemc\/icentre\/wp-content\/uploads\/2021\/11\/Visuel_siteWeb_videos.jpg 991w\" sizes=\"(max-width: 300px) 100vw, 300px\" \/><\/a>Sur le <a href=\"http:\/\/www.enmodeado.ca\" target=\"_blank\" rel=\"noopener\">www.enmodeado.ca<\/a>, il est aussi possible de d\u00e9couvrir des capsules vid\u00e9o mettant en vedette la sympathique famille P\u00e9pin. \u00c0 l\u2019heure du souper, les parents et les deux ados discutent de leur quotidien, leurs envies, leurs joies et leurs d\u00e9fis.<\/p>\n<p>&nbsp;<\/p>\n<p>Bonne visite!<\/p>\n","protected":false},"excerpt":{"rendered":"<p>Vendredi dernier avait lieu le lancement du projet de la Direction de sant\u00e9 publique (DSPu) de la Mont\u00e9r\u00e9gie intitul\u00e9 #EnModeAdo. L\u2019\u00e9v\u00e9nement virtuel a r\u00e9uni plus de 315 partenaires des quatre coins de la r\u00e9gion. Intervenants, enseignants, professionnels et gestionnaires de &hellip; <a href=\"https:\/\/santemc.quebec\/icentre\/lancement-de-enmodeado-une-boite-a-outils-pour-soutenir-les-parents-dado\/\">Continuer la lecture <span class=\"meta-nav\">&rarr;<\/span><\/a><\/p>\n","protected":false},"author":9,"featured_media":0,"comment_status":"open","ping_status":"closed","sticky":false,"template":"","format":"standard","meta":{"footnotes":""},"categories":[1],"tags":[],"_links":{"self":[{"href":"https:\/\/santemc.quebec\/icentre\/wp-json\/wp\/v2\/posts\/199420"}],"collection":[{"href":"https:\/\/santemc.quebec\/icentre\/wp-json\/wp\/v2\/posts"}],"about":[{"href":"https:\/\/santemc.quebec\/icentre\/wp-json\/wp\/v2\/types\/post"}],"author":[{"embeddable":true,"href":"https:\/\/santemc.quebec\/icentre\/wp-json\/wp\/v2\/users\/9"}],"replies":[{"embeddable":true,"href":"https:\/\/santemc.quebec\/icentre\/wp-json\/wp\/v2\/comments?post=199420"}],"version-history":[{"count":1,"href":"https:\/\/santemc.quebec\/icentre\/wp-json\/wp\/v2\/posts\/199420\/revisions"}],"predecessor-version":[{"id":199424,"href":"https:\/\/santemc.quebec\/icentre\/wp-json\/wp\/v2\/posts\/199420\/revisions\/199424"}],"wp:attachment":[{"href":"https:\/\/santemc.quebec\/icentre\/wp-json\/wp\/v2\/media?parent=199420"}],"wp:term":[{"taxonomy":"category","embeddable":true,"href":"https:\/\/santemc.quebec\/icentre\/wp-json\/wp\/v2\/categories?post=199420"},{"taxonomy":"post_tag","embeddable":true,"href":"https:\/\/santemc.quebec\/icentre\/wp-json\/wp\/v2\/tags?post=199420"}],"curies":[{"name":"wp","href":"https:\/\/api.w.org\/{rel}","templated":true}]}}