{"id":199461,"date":"2021-11-05T15:55:30","date_gmt":"2021-11-05T19:55:30","guid":{"rendered":"https:\/\/santemc.quebec\/icentre\/?p=199461"},"modified":"2021-11-05T15:23:29","modified_gmt":"2021-11-05T19:23:29","slug":"covid-19-mise-a-jour-de-la-foire-aux-questions-21","status":"publish","type":"post","link":"https:\/\/santemc.quebec\/icentre\/covid-19-mise-a-jour-de-la-foire-aux-questions-21\/","title":{"rendered":"COVID-19 : Mise \u00e0 jour de la Foire aux questions"},"content":{"rendered":"<p>Des informations compl\u00e9mentaires ont \u00e9t\u00e9 apport\u00e9es aux sections des montants forfaitaires.<\/p>\n<p><a href=\"https:\/\/santemc.quebec\/icentre\/?page_id=185406\" target=\"_blank\" rel=\"noopener\">Lire la Foire aux questions des employ\u00e9s\u00a0<\/a><\/p>\n","protected":false},"excerpt":{"rendered":"<p>Des informations compl\u00e9mentaires ont \u00e9t\u00e9 apport\u00e9es aux sections des montants forfaitaires. Lire la Foire aux questions des employ\u00e9s\u00a0<\/p>\n","protected":false},"author":33,"featured_media":0,"comment_status":"open","ping_status":"closed","sticky":false,"template":"","format":"standard","meta":{"footnotes":""},"categories":[1],"tags":[],"_links":{"self":[{"href":"https:\/\/santemc.quebec\/icentre\/wp-json\/wp\/v2\/posts\/199461"}],"collection":[{"href":"https:\/\/santemc.quebec\/icentre\/wp-json\/wp\/v2\/posts"}],"about":[{"href":"https:\/\/santemc.quebec\/icentre\/wp-json\/wp\/v2\/types\/post"}],"author":[{"embeddable":true,"href":"https:\/\/santemc.quebec\/icentre\/wp-json\/wp\/v2\/users\/33"}],"replies":[{"embeddable":true,"href":"https:\/\/santemc.quebec\/icentre\/wp-json\/wp\/v2\/comments?post=199461"}],"version-history":[{"count":1,"href":"https:\/\/santemc.quebec\/icentre\/wp-json\/wp\/v2\/posts\/199461\/revisions"}],"predecessor-version":[{"id":199462,"href":"https:\/\/santemc.quebec\/icentre\/wp-json\/wp\/v2\/posts\/199461\/revisions\/199462"}],"wp:attachment":[{"href":"https:\/\/santemc.quebec\/icentre\/wp-json\/wp\/v2\/media?parent=199461"}],"wp:term":[{"taxonomy":"category","embeddable":true,"href":"https:\/\/santemc.quebec\/icentre\/wp-json\/wp\/v2\/categories?post=199461"},{"taxonomy":"post_tag","embeddable":true,"href":"https:\/\/santemc.quebec\/icentre\/wp-json\/wp\/v2\/tags?post=199461"}],"curies":[{"name":"wp","href":"https:\/\/api.w.org\/{rel}","templated":true}]}}