{"id":199465,"date":"2021-11-04T09:11:59","date_gmt":"2021-11-04T13:11:59","guid":{"rendered":"https:\/\/santemc.quebec\/icentre\/?p=199465"},"modified":"2021-11-05T08:59:39","modified_gmt":"2021-11-05T12:59:39","slug":"levons-notre-verre-en-soutien-a-la-sante-mentale","status":"publish","type":"post","link":"https:\/\/santemc.quebec\/icentre\/levons-notre-verre-en-soutien-a-la-sante-mentale\/","title":{"rendered":"Levons notre verre en soutien \u00e0 la sant\u00e9 mentale!"},"content":{"rendered":"<p><strong><a href=\"https:\/\/santemc.quebec\/icentre\/?attachment_id=199466\"><img decoding=\"async\" loading=\"lazy\" class=\"alignleft wp-image-199466 size-medium\" src=\"https:\/\/santemc.quebec\/santemc\/icentre\/wp-content\/uploads\/2021\/11\/cave-a-vin-300x122.png\" alt=\"\" width=\"300\" height=\"122\" srcset=\"https:\/\/santemc.quebec\/santemc\/icentre\/wp-content\/uploads\/2021\/11\/cave-a-vin-300x122.png 300w, https:\/\/santemc.quebec\/santemc\/icentre\/wp-content\/uploads\/2021\/11\/cave-a-vin-500x203.png 500w, https:\/\/santemc.quebec\/santemc\/icentre\/wp-content\/uploads\/2021\/11\/cave-a-vin.png 718w\" sizes=\"(max-width: 300px) 100vw, 300px\" \/><\/a>Pr\u00e8s de 40% des lits de p\u00e9diatrie sont occup\u00e9s dans nos h\u00f4pitaux par des adolescents.<\/strong> Ils souffrent de d\u00e9pression, d\u2019anxi\u00e9t\u00e9 et de troubles du comportement alimentaire. Depuis la pand\u00e9mie, les listes d\u2019attente pour des demandes de suivis en sant\u00e9 mentale se sont allong\u00e9es.\u00a0<strong>Il y a urgence d\u2019agir pour nos jeunes!<\/strong><!--more--><\/p>\n<p><strong>Joindrez-vous vos efforts aux n\u00f4tres pour venir en aide \u00e0 ces jeunes en difficult\u00e9 en Mont\u00e9r\u00e9gie?<\/strong><\/p>\n<p>Fort du succ\u00e8s retentissant de sa premi\u00e8re \u00e9dition, la Fondation H\u00f4pital Charles-LeMoyne organise pour la deuxi\u00e8me ann\u00e9e cons\u00e9cutive la Cave \u00e0 Vin des Philanthropes, un encan de vin de prestige virtuel, au profit de la sant\u00e9 mentale des jeunes. La Cave \u00e0 Vin des Philanthropes pr\u00e9sent\u00e9e par Desjardins a lieu du 4 au 18 novembre prochain.<\/p>\n<p>Elle se cl\u00f4turera par une soir\u00e9e priv\u00e9e exceptionnelle, la Paul\u00e9e de la Fondation H\u00f4pital Charles-LeMoyne, au Humaniti Montr\u00e9al regroupant 20 grands philanthropes et amateurs de grands vins.<\/p>\n<p><strong>Gr\u00e2ce aux b\u00e9n\u00e9fices de l\u2019\u00e9v\u00e9nement, ces jeunes pourront identifier leur maladie et recevoir des soins appropri\u00e9s. Ils trouveront les outils pour leur permettre de fonctionner pour le restant de leur vie en \u00e9vitant de basculer vers des probl\u00e8mes plus grands.<\/strong><\/p>\n<p><strong>Une s\u00e9lection de pr\u00e8s de 100 bouteilles vous attend! <\/strong><u>Vous avez jusqu\u2019au 18 novembre 2021 \u00e0 21h<\/u>\u00a0pour mettre la main sur des crus exceptionnels.<\/p>\n<p>Pour miser et aider un jeune en difficult\u00e9 durement frapp\u00e9 par la pand\u00e9mie, rendez-vous sur <a href=\"https:\/\/www.macause.com\/fhclm\/encan\">https:\/\/www.macause.com\/fhclm\/encan<\/a><\/p>\n<p><strong>Merci \u00e0 tous pour votre g\u00e9n\u00e9reuse contribution et votre participation.<\/strong><br \/>\nEt n\u2019oubliez pas de faire passer le mot \u00e0 vos amis qui aiment les bons vins!<\/p>\n<p>&nbsp;<\/p>\n<p>L\u2019\u00e9quipe de la Fondation H\u00f4pital Charles-LeMoyne<\/p>\n","protected":false},"excerpt":{"rendered":"<p>Pr\u00e8s de 40% des lits de p\u00e9diatrie sont occup\u00e9s dans nos h\u00f4pitaux par des adolescents. Ils souffrent de d\u00e9pression, d\u2019anxi\u00e9t\u00e9 et de troubles du comportement alimentaire. Depuis la pand\u00e9mie, les listes d\u2019attente pour des demandes de suivis en sant\u00e9 mentale &hellip; <a href=\"https:\/\/santemc.quebec\/icentre\/levons-notre-verre-en-soutien-a-la-sante-mentale\/\">Continuer la lecture <span class=\"meta-nav\">&rarr;<\/span><\/a><\/p>\n","protected":false},"author":1,"featured_media":0,"comment_status":"open","ping_status":"closed","sticky":false,"template":"","format":"standard","meta":{"footnotes":""},"categories":[1],"tags":[],"_links":{"self":[{"href":"https:\/\/santemc.quebec\/icentre\/wp-json\/wp\/v2\/posts\/199465"}],"collection":[{"href":"https:\/\/santemc.quebec\/icentre\/wp-json\/wp\/v2\/posts"}],"about":[{"href":"https:\/\/santemc.quebec\/icentre\/wp-json\/wp\/v2\/types\/post"}],"author":[{"embeddable":true,"href":"https:\/\/santemc.quebec\/icentre\/wp-json\/wp\/v2\/users\/1"}],"replies":[{"embeddable":true,"href":"https:\/\/santemc.quebec\/icentre\/wp-json\/wp\/v2\/comments?post=199465"}],"version-history":[{"count":2,"href":"https:\/\/santemc.quebec\/icentre\/wp-json\/wp\/v2\/posts\/199465\/revisions"}],"predecessor-version":[{"id":199479,"href":"https:\/\/santemc.quebec\/icentre\/wp-json\/wp\/v2\/posts\/199465\/revisions\/199479"}],"wp:attachment":[{"href":"https:\/\/santemc.quebec\/icentre\/wp-json\/wp\/v2\/media?parent=199465"}],"wp:term":[{"taxonomy":"category","embeddable":true,"href":"https:\/\/santemc.quebec\/icentre\/wp-json\/wp\/v2\/categories?post=199465"},{"taxonomy":"post_tag","embeddable":true,"href":"https:\/\/santemc.quebec\/icentre\/wp-json\/wp\/v2\/tags?post=199465"}],"curies":[{"name":"wp","href":"https:\/\/api.w.org\/{rel}","templated":true}]}}