{"id":199468,"date":"2021-11-04T16:21:27","date_gmt":"2021-11-04T20:21:27","guid":{"rendered":"https:\/\/santemc.quebec\/icentre\/?p=199468"},"modified":"2021-11-04T16:21:27","modified_gmt":"2021-11-04T20:21:27","slug":"les-paramedics-de-retour-a-lurgence-de-lhopital-charles-le-moyne","status":"publish","type":"post","link":"https:\/\/santemc.quebec\/icentre\/les-paramedics-de-retour-a-lurgence-de-lhopital-charles-le-moyne\/","title":{"rendered":"Les param\u00e9dics de retour \u00e0 l\u2019urgence de l\u2019H\u00f4pital Charles-Le Moyne"},"content":{"rendered":"<p>L\u2019urgence de l\u2019H\u00f4pital Charles-Le Moyne accueille actuellement une dizaine de techniciens ambulanciers param\u00e9dics (TAP) de la Coop\u00e9rative des techniciens ambulanciers de la Mont\u00e9r\u00e9gie (CETAM). Ils viennent assister les \u00e9quipes, notamment les infirmi\u00e8res, dans la prestation de soins aux patients.<\/p>\n<p><!--more--><\/p>\n<p>Depuis le 12 octobre, sept techniciens ambulanciers en soins primaires et deux en soins avanc\u00e9s y assurent en alternance une pr\u00e9sence, et ce, 7 jours sur 7, de jour et de soir. Leur int\u00e9gration a commenc\u00e9 avec une formation, en jumelage avec du personnel r\u00e9gulier de l\u2019urgence. Ils mettent ainsi \u00e0 profit l\u2019ensemble de leurs champs de pratique.<\/p>\n<p>Dans un contexte d\u2019enjeu de main-d\u2019\u0153uvre, ces renforts sont bienvenus et grandement appr\u00e9ci\u00e9s du Centre int\u00e9gr\u00e9 de sant\u00e9 et de services sociaux de la Mont\u00e9r\u00e9gie-Centre (CISSSMC) qui, \u00e0 l\u2019automne 2020 et \u00e0 l\u2019hiver 2021, avait exp\u00e9riment\u00e9 l\u2019int\u00e9gration de param\u00e9dics \u00e0 l\u2019H\u00f4pital du Haut-Richelieu. La C\u00c9TAM \u00e9tait, pour sa part, venue pr\u00eater main-forte au printemps et \u00e0 l\u2019\u00e9t\u00e9 dernier \u00e0 l\u2019urgence de l\u2019H\u00f4pital Charles-Le Moyne.<\/p>\n<p>Les param\u00e9dics contribuent \u00e0 r\u00e9duire la pression sur les \u00e9quipes, par exemple en facilitant la r\u00e9organisation du travail. Leur r\u00f4le, dans ces milieux de soins critiques, consiste notamment \u00e0 accomplir diff\u00e9rentes t\u00e2ches pouvant d\u00e9gager le travail des infirmi\u00e8res et soutenir les \u00e9quipes au quotidien : prendre les param\u00e8tres fondamentaux chez un usager (tension art\u00e9rielle, temp\u00e9rature et saturation); effectuer les soins de base (mobilisation, toilette, aide \u00e0 l\u2019alimentation); proc\u00e9der au massage cardiaque; travailler dans les aires de civi\u00e8res et ambulatoires, ainsi que la salle de r\u00e9animation. De plus, certains ambulanciers pr\u00e9sents \u00e0 l\u2019urgence ont \u00e9t\u00e9 form\u00e9s pour prodiguer des soins avanc\u00e9s, ce qui leur permet d\u2019effectuer notamment des th\u00e9rapies intraveineuses ou des transferts inter\u00e9tablissements.<\/p>\n<p>Pour monsieur Richard Deschamps, pr\u00e9sident-directeur g\u00e9n\u00e9ral du CISSSMC, cette \u00e9troite collaboration avec la CETAM s\u2019av\u00e8re \u00eatre une fa\u00e7on novatrice d\u2019assurer une utilisation judicieuse des ressources dans un contexte de p\u00e9nurie de main-d\u2019\u0153uvre\u00a0: \u00ab Les param\u00e9dics sont des partenaires incontournables. L\u2019expertise de ces professionnels de la sant\u00e9 apporte une aide pr\u00e9cieuse au r\u00e9seau. Leur int\u00e9gration \u00e0 nos activit\u00e9s cliniques est un bon exemple de gestion de proximit\u00e9 qui contribue, sans l\u2019ombre d\u2019un doute, \u00e0 am\u00e9liorer la qualit\u00e9 des soins offerts \u00e0 la population \u00bb.<\/p>\n<p>\u00ab Les pr\u00eats de service sous d\u00e9cret minist\u00e9riel ont permis bien plus que d\u2019offrir un coup de main au r\u00e9seau. Nous parlons d\u2019une ouverture au changement jamais vue auparavant, d\u2019une avanc\u00e9e pour la profession et bien s\u00fbr d\u2019un positionnement de partenaires pour la CETAM \u00bb, souligne Martin Benoit, directeur g\u00e9n\u00e9ral de la CETAM.<\/p>\n","protected":false},"excerpt":{"rendered":"<p>L\u2019urgence de l\u2019H\u00f4pital Charles-Le Moyne accueille actuellement une dizaine de techniciens ambulanciers param\u00e9dics (TAP) de la Coop\u00e9rative des techniciens ambulanciers de la Mont\u00e9r\u00e9gie (CETAM). Ils viennent assister les \u00e9quipes, notamment les infirmi\u00e8res, dans la prestation de soins aux patients.<\/p>\n","protected":false},"author":9,"featured_media":0,"comment_status":"open","ping_status":"closed","sticky":false,"template":"","format":"standard","meta":{"footnotes":""},"categories":[1],"tags":[],"_links":{"self":[{"href":"https:\/\/santemc.quebec\/icentre\/wp-json\/wp\/v2\/posts\/199468"}],"collection":[{"href":"https:\/\/santemc.quebec\/icentre\/wp-json\/wp\/v2\/posts"}],"about":[{"href":"https:\/\/santemc.quebec\/icentre\/wp-json\/wp\/v2\/types\/post"}],"author":[{"embeddable":true,"href":"https:\/\/santemc.quebec\/icentre\/wp-json\/wp\/v2\/users\/9"}],"replies":[{"embeddable":true,"href":"https:\/\/santemc.quebec\/icentre\/wp-json\/wp\/v2\/comments?post=199468"}],"version-history":[{"count":1,"href":"https:\/\/santemc.quebec\/icentre\/wp-json\/wp\/v2\/posts\/199468\/revisions"}],"predecessor-version":[{"id":199469,"href":"https:\/\/santemc.quebec\/icentre\/wp-json\/wp\/v2\/posts\/199468\/revisions\/199469"}],"wp:attachment":[{"href":"https:\/\/santemc.quebec\/icentre\/wp-json\/wp\/v2\/media?parent=199468"}],"wp:term":[{"taxonomy":"category","embeddable":true,"href":"https:\/\/santemc.quebec\/icentre\/wp-json\/wp\/v2\/categories?post=199468"},{"taxonomy":"post_tag","embeddable":true,"href":"https:\/\/santemc.quebec\/icentre\/wp-json\/wp\/v2\/tags?post=199468"}],"curies":[{"name":"wp","href":"https:\/\/api.w.org\/{rel}","templated":true}]}}