{"id":199504,"date":"2021-11-09T07:41:23","date_gmt":"2021-11-09T12:41:23","guid":{"rendered":"https:\/\/santemc.quebec\/icentre\/?p=199504"},"modified":"2021-11-09T16:36:15","modified_gmt":"2021-11-09T21:36:15","slug":"fin-de-la-campagne-entraide-un-appel-a-la-generosite-entendu","status":"publish","type":"post","link":"https:\/\/santemc.quebec\/icentre\/fin-de-la-campagne-entraide-un-appel-a-la-generosite-entendu\/","title":{"rendered":"Fin de la campagne Entraide : un appel \u00e0 la g\u00e9n\u00e9rosit\u00e9 entendu"},"content":{"rendered":"<p><a href=\"https:\/\/santemc.quebec\/santemc\/icentre\/wp-content\/uploads\/2017\/10\/fleur.jpg\"><img decoding=\"async\" loading=\"lazy\" class=\" wp-image-5583 alignleft\" src=\"https:\/\/santemc.quebec\/santemc\/icentre\/wp-content\/uploads\/2017\/10\/fleur-224x300.jpg\" alt=\"\" width=\"139\" height=\"183\" \/><\/a>La campagne Entraide 2021 de notre CISSS est maintenant termin\u00e9e.<\/p>\n<p>Une fois de plus, vous avez r\u00e9pondu \u00e0 cet appel de g\u00e9n\u00e9rosit\u00e9. Je vous en remercie sinc\u00e8rement. Tous ces dons feront une diff\u00e9rence positive dans la vie de personnes vuln\u00e9rables.<\/p>\n<p><!--more--><\/p>\n<p>Sachez que vous pouvez en tout temps faire un don par virement bancaire ou par carte de cr\u00e9dit en vous rendant \u00e0 l\u2019adresse <a href=\"https:\/\/dons.entraide.gouv.qc.ca\/cisssmc-65\" target=\"_blank\" rel=\"noopener\">https:\/\/dons.entraide.gouv.qc.ca\/cisssmc-65<\/a> (cliquer ensuite sur l\u2019option Faire un don, en haut \u00e0 droite).<\/p>\n<p>Un merci sinc\u00e8re \u00e0 toutes les personnes qui ont fait un don cette ann\u00e9e.<\/p>\n<p>Denise B\u00e9dard, directrice g\u00e9n\u00e9rale adjointe aux programmes de soutien, d&rsquo;administration et de partenariats par int\u00e9rim et directrice des ressources financi\u00e8res<\/p>\n","protected":false},"excerpt":{"rendered":"<p>La campagne Entraide 2021 de notre CISSS est maintenant termin\u00e9e. Une fois de plus, vous avez r\u00e9pondu \u00e0 cet appel de g\u00e9n\u00e9rosit\u00e9. Je vous en remercie sinc\u00e8rement. Tous ces dons feront une diff\u00e9rence positive dans la vie de personnes vuln\u00e9rables.<\/p>\n","protected":false},"author":9,"featured_media":0,"comment_status":"open","ping_status":"closed","sticky":false,"template":"","format":"standard","meta":{"footnotes":""},"categories":[1],"tags":[],"_links":{"self":[{"href":"https:\/\/santemc.quebec\/icentre\/wp-json\/wp\/v2\/posts\/199504"}],"collection":[{"href":"https:\/\/santemc.quebec\/icentre\/wp-json\/wp\/v2\/posts"}],"about":[{"href":"https:\/\/santemc.quebec\/icentre\/wp-json\/wp\/v2\/types\/post"}],"author":[{"embeddable":true,"href":"https:\/\/santemc.quebec\/icentre\/wp-json\/wp\/v2\/users\/9"}],"replies":[{"embeddable":true,"href":"https:\/\/santemc.quebec\/icentre\/wp-json\/wp\/v2\/comments?post=199504"}],"version-history":[{"count":3,"href":"https:\/\/santemc.quebec\/icentre\/wp-json\/wp\/v2\/posts\/199504\/revisions"}],"predecessor-version":[{"id":199507,"href":"https:\/\/santemc.quebec\/icentre\/wp-json\/wp\/v2\/posts\/199504\/revisions\/199507"}],"wp:attachment":[{"href":"https:\/\/santemc.quebec\/icentre\/wp-json\/wp\/v2\/media?parent=199504"}],"wp:term":[{"taxonomy":"category","embeddable":true,"href":"https:\/\/santemc.quebec\/icentre\/wp-json\/wp\/v2\/categories?post=199504"},{"taxonomy":"post_tag","embeddable":true,"href":"https:\/\/santemc.quebec\/icentre\/wp-json\/wp\/v2\/tags?post=199504"}],"curies":[{"name":"wp","href":"https:\/\/api.w.org\/{rel}","templated":true}]}}