{"id":199540,"date":"2021-11-09T16:57:39","date_gmt":"2021-11-09T21:57:39","guid":{"rendered":"https:\/\/santemc.quebec\/icentre\/?p=199540"},"modified":"2021-11-10T07:40:36","modified_gmt":"2021-11-10T12:40:36","slug":"mission-accomplie-pour-la-brigade-de-vaccination-de-la-direction-de-sante-publique-de-la-monteregie","status":"publish","type":"post","link":"https:\/\/santemc.quebec\/icentre\/mission-accomplie-pour-la-brigade-de-vaccination-de-la-direction-de-sante-publique-de-la-monteregie\/","title":{"rendered":"Mission accomplie pour la brigade de vaccination de la Direction de sant\u00e9 publique de la Mont\u00e9r\u00e9gie"},"content":{"rendered":"<p>Apr\u00e8s avoir parcouru 53 municipalit\u00e9s et rencontr\u00e9 pr\u00e8s de 14 000 personnes, la brigade de vaccination de la Direction de sant\u00e9 publique de la Mont\u00e9r\u00e9gie peut dire : mission accomplie!<!--more--><\/p>\n<p>De juin \u00e0 octobre, ces \u00ab brigadiers \u00bb, qui sont des intervenants de l\u2019\u00e9quipe accueil cas et contacts COVID-19 de la Direction de sant\u00e9 publique, ont fourni une information claire \u00e0 propos de la vaccination aux citoyens avec lesquels ils ont \u00e9chang\u00e9 et ont facilit\u00e9 l\u2019acc\u00e8s aux cliniques de vaccination avec et sans rendez-vous. Ils ont accompagn\u00e9 1 128 citoyens vers la vaccination et ont r\u00e9alis\u00e9 pr\u00e8s de 900 entretiens motivationnels avec des gens qui h\u00e9sitaient \u00e0 se faire vacciner.<\/p>\n<p>Ils \u00e9taient pr\u00e9sents aupr\u00e8s des \u00e9quipes de vaccination mobile des CISSS qui \u00e9taient d\u00e9ploy\u00e9es dans les quartiers, sous des chapiteaux, \u00e0 l\u2019aide d\u2019un vaccibus ou de roulottes afin d\u2019inviter les gens du quartier \u00e0 se faire vacciner. Ils ont install\u00e9 des affiches et fait du porte \u00e0 porte. Ils sont all\u00e9s \u00e0 la rencontre des Mont\u00e9r\u00e9giens dans les parcs municipaux, les campings, les festivals, les centres de formation professionnelle, les offices municipaux d\u2019habitation et dans d\u2019autres lieux publics.<\/p>\n<p>Ce travail remarquable a \u00e9t\u00e9 r\u00e9alis\u00e9 en \u00e9troite collaboration avec chacune des \u00e9quipes de vaccination des CISSS.<\/p>\n<p>\u00ab Nous sommes tr\u00e8s fiers de la brigade qui nous a permis d\u2019aller voir les gens dans leur quartier pour partager avec eux des informations fiables sur la vaccination. Nous pensons que ces \u00e9changes ont contribu\u00e9 \u00e0 sensibiliser les gens \u00e0 l\u2019importance de la vaccination dans la lutte que nous menons contre la COVID-19 \u00bb, fait valoir Dre Julie Loslier, directrice de sant\u00e9 publique de la Mont\u00e9r\u00e9gie.<\/p>\n<p>Vous pouvez voir la brigade en vid\u00e9o \u00e0 l\u2019adresse\u00a0:\u00a0<a tabindex=\"-1\" title=\"https:\/\/can01.safelinks.protection.outlook.com\/?url=https%3a%2f%2fwww.youtube.com%2fwatch%3fv%3dd3xyn7bx2o8&amp;data=04%7c01%7cmathieu.tremblay.agence16%40ssss.gouv.qc.ca%7c49d207a1e30d47ee5b1908d98829fd7e%7c06e1fe285f8b4075bf6cae24be1a7992%7c0%7c0%7c637690536184315849%7cunknown%7ctwfpbgzsb3d8eyjwijoimc4wljawmdailcjqijoiv2lumziilcjbtii6ik1hawwilcjxvci6mn0%3d%7c1000&amp;sdata=q%2buzeigigdqvrsbmsww8rptbm3pgmsxzyz4lupec%2b%2f4%3d&amp;reserved=0\" href=\"https:\/\/can01.safelinks.protection.outlook.com\/?url=https%3A%2F%2Fwww.youtube.com%2Fwatch%3Fv%3DD3xYN7bX2o8&amp;data=04%7C01%7Cmathieu.tremblay.agence16%40ssss.gouv.qc.ca%7C49d207a1e30d47ee5b1908d98829fd7e%7C06e1fe285f8b4075bf6cae24be1a7992%7C0%7C0%7C637690536184315849%7CUnknown%7CTWFpbGZsb3d8eyJWIjoiMC4wLjAwMDAiLCJQIjoiV2luMzIiLCJBTiI6Ik1haWwiLCJXVCI6Mn0%3D%7C1000&amp;sdata=Q%2BUzeiGIGdQVrsBMSWw8rptBM3PGMSxzyZ4lUPEc%2B%2F4%3D&amp;reserved=0\" target=\"_blank\" rel=\"noopener noreferrer\" aria-label=\"Lien https:\/\/www.youtube.com\/watch?v=D3xYN7bX2o8\">https:\/\/www.youtube.com\/watch?v=D3xYN7bX2o8<\/a><\/p>\n<p>&nbsp;<\/p>\n","protected":false},"excerpt":{"rendered":"<p>Apr\u00e8s avoir parcouru 53 municipalit\u00e9s et rencontr\u00e9 pr\u00e8s de 14 000 personnes, la brigade de vaccination de la Direction de sant\u00e9 publique de la Mont\u00e9r\u00e9gie peut dire : mission accomplie!<\/p>\n","protected":false},"author":1,"featured_media":0,"comment_status":"open","ping_status":"closed","sticky":false,"template":"","format":"standard","meta":{"footnotes":""},"categories":[1],"tags":[],"_links":{"self":[{"href":"https:\/\/santemc.quebec\/icentre\/wp-json\/wp\/v2\/posts\/199540"}],"collection":[{"href":"https:\/\/santemc.quebec\/icentre\/wp-json\/wp\/v2\/posts"}],"about":[{"href":"https:\/\/santemc.quebec\/icentre\/wp-json\/wp\/v2\/types\/post"}],"author":[{"embeddable":true,"href":"https:\/\/santemc.quebec\/icentre\/wp-json\/wp\/v2\/users\/1"}],"replies":[{"embeddable":true,"href":"https:\/\/santemc.quebec\/icentre\/wp-json\/wp\/v2\/comments?post=199540"}],"version-history":[{"count":3,"href":"https:\/\/santemc.quebec\/icentre\/wp-json\/wp\/v2\/posts\/199540\/revisions"}],"predecessor-version":[{"id":199548,"href":"https:\/\/santemc.quebec\/icentre\/wp-json\/wp\/v2\/posts\/199540\/revisions\/199548"}],"wp:attachment":[{"href":"https:\/\/santemc.quebec\/icentre\/wp-json\/wp\/v2\/media?parent=199540"}],"wp:term":[{"taxonomy":"category","embeddable":true,"href":"https:\/\/santemc.quebec\/icentre\/wp-json\/wp\/v2\/categories?post=199540"},{"taxonomy":"post_tag","embeddable":true,"href":"https:\/\/santemc.quebec\/icentre\/wp-json\/wp\/v2\/tags?post=199540"}],"curies":[{"name":"wp","href":"https:\/\/api.w.org\/{rel}","templated":true}]}}