{"id":199551,"date":"2021-11-10T09:21:25","date_gmt":"2021-11-10T14:21:25","guid":{"rendered":"https:\/\/santemc.quebec\/icentre\/?p=199551"},"modified":"2021-11-10T09:23:17","modified_gmt":"2021-11-10T14:23:17","slug":"enfants-des-employes-et-medecins-invites-a-dessiner-la-magie-du-temps-des-fetes%e2%80%89-copy","status":"publish","type":"post","link":"https:\/\/santemc.quebec\/icentre\/enfants-des-employes-et-medecins-invites-a-dessiner-la-magie-du-temps-des-fetes%e2%80%89-copy\/","title":{"rendered":"Concours de dessins\u202f: jusqu\u2019au 19\u202fnovembre pour participer"},"content":{"rendered":"<p><a href=\"https:\/\/santemc.quebec\/santemc\/icentre\/wp-content\/uploads\/2021\/10\/concoursdessins.png\"><img decoding=\"async\" loading=\"lazy\" class=\"alignnone size-full wp-image-199215\" src=\"https:\/\/santemc.quebec\/santemc\/icentre\/wp-content\/uploads\/2021\/10\/concoursdessins.png\" alt=\"\" width=\"516\" height=\"241\" srcset=\"https:\/\/santemc.quebec\/santemc\/icentre\/wp-content\/uploads\/2021\/10\/concoursdessins.png 516w, https:\/\/santemc.quebec\/santemc\/icentre\/wp-content\/uploads\/2021\/10\/concoursdessins-300x140.png 300w, https:\/\/santemc.quebec\/santemc\/icentre\/wp-content\/uploads\/2021\/10\/concoursdessins-500x234.png 500w\" sizes=\"(max-width: 516px) 100vw, 516px\" \/><\/a><\/p>\n<p><span data-contrast=\"auto\">Les enfants des employ\u00e9s et m\u00e9decins sont invit\u00e9s \u00e0 participer \u00e0 notre concours annuel de dessins.<\/span><span data-ccp-props=\"{&quot;201341983&quot;:0,&quot;335551550&quot;:6,&quot;335551620&quot;:6,&quot;335559739&quot;:160,&quot;335559740&quot;:276}\"><br \/>\n<\/span><span data-contrast=\"auto\">Cette ann\u00e9e, c\u2019est le th\u00e8me <strong>\u00ab\u2009Dessine-moi la magie du temps des F\u00eates\u2009\u00bb<\/strong> qui doit les inspirer.<br \/>\n<span class=\"TextRun SCXW65875832 BCX0\" lang=\"FR-CA\" xml:lang=\"FR-CA\" data-contrast=\"auto\"><span class=\"NormalTextRun SCXW65875832 BCX0\">Les dessins des enfants de 4 \u00e0 12\u202fans seront r\u00e9partis en trois groupes d\u2019\u00e2ge, et le gagnant de chacun de ces groupes remportera aussi un cadeau-surprise<\/span><span class=\"NormalTextRun SCXW65875832 BCX0\">\u2009<\/span><span class=\"NormalTextRun SCXW65875832 BCX0\">! Rappelons que ce sont ces dessins qui illustreront les cartes de v\u0153ux organisationnelles.\u00a0<\/span><\/span><span class=\"EOP SCXW65875832 BCX0\" data-ccp-props=\"{&quot;201341983&quot;:0,&quot;335551550&quot;:6,&quot;335551620&quot;:6,&quot;335559739&quot;:160,&quot;335559740&quot;:276}\">\u00a0<\/span><\/span><!--more--><\/p>\n<p><b><span data-contrast=\"auto\">Pour\u00a0participer\u202f:\u00a0<\/span><\/b><br \/>\n<span data-contrast=\"auto\">Une photo du dessin doit\u00a0\u00eatre transmise\u00a0<\/span><span data-contrast=\"auto\">par courriel<\/span><span data-contrast=\"auto\">\u00a0avant le\u00a0<\/span><b><span data-contrast=\"auto\">19\u202fnovembre, 16\u202fh,\u00a0<\/span><\/b><span data-contrast=\"auto\">\u00e0 l\u2019adresse suivante\u202f:<\/span><b><span data-contrast=\"auto\">\u00a0comm.cisssmc16@ssss.gouv.qc.ca<\/span><\/b><span data-ccp-props=\"{&quot;201341983&quot;:0,&quot;335559739&quot;:160,&quot;335559740&quot;:276}\">\u00a0<\/span><\/p>\n<p><span data-contrast=\"auto\">Un\u00a0enfant ne\u00a0peut soumettre plus d\u2019un dessin, et ce dernier doit \u00eatre de format lettre (8,5\u202fpouces sur 11\u202fpouces), orientation paysage (horizontale).\u00a0<\/span><span data-ccp-props=\"{&quot;201341983&quot;:0,&quot;335551550&quot;:6,&quot;335551620&quot;:6,&quot;335559739&quot;:160,&quot;335559740&quot;:276}\">\u00a0<\/span><\/p>\n<p><span data-contrast=\"auto\">Afin de retrouver l\u2019artiste,\u00a0<\/span><b><span data-contrast=\"auto\">il est essentiel<\/span><\/b><span data-contrast=\"auto\">\u00a0d\u2019identifier l\u2019enfant (nom, pr\u00e9nom et \u00e2ge) et le parent (nom, pr\u00e9nom, titre d\u2019emploi, adresse courriel et nom de l\u2019installation o\u00f9 vous travaillez) dans le courriel.<\/span><span data-ccp-props=\"{&quot;201341983&quot;:0,&quot;335551550&quot;:6,&quot;335551620&quot;:6,&quot;335559739&quot;:160,&quot;335559740&quot;:276}\">\u00a0<\/span><\/p>\n<p><b><span data-contrast=\"auto\">Les gagnants seront d\u00e9voil\u00e9s en d\u00e9cembre.<\/span><\/b><span data-ccp-props=\"{&quot;201341983&quot;:0,&quot;335559739&quot;:160,&quot;335559740&quot;:254}\">\u00a0<\/span><\/p>\n<p>Les r\u00e8glements du concours sont disponibles sur <a href=\"https:\/\/intranetcisssmc.rtss.qc.ca\/directions-administratives\/direction-des-ressources-humaines-du-developpement-organisationnel-et-des-affaires-juridiques\/developpement-de-lorganisation-de-lindividu-et-des-talents\/reconnaissance\"><strong>intranet<\/strong><\/a>.<\/p>\n<p><a href=\"https:\/\/santemc.quebec\/santemc\/icentre\/wp-content\/uploads\/2021\/10\/afficheVF.pdf\" target=\"_blank\" rel=\"noopener\">Voir l\u2019affiche promotionnelle<\/a><\/p>\n","protected":false},"excerpt":{"rendered":"<p>Les enfants des employ\u00e9s et m\u00e9decins sont invit\u00e9s \u00e0 participer \u00e0 notre concours annuel de dessins. Cette ann\u00e9e, c\u2019est le th\u00e8me \u00ab\u2009Dessine-moi la magie du temps des F\u00eates\u2009\u00bb qui doit les inspirer. Les dessins des enfants de 4 \u00e0 12\u202fans &hellip; <a href=\"https:\/\/santemc.quebec\/icentre\/enfants-des-employes-et-medecins-invites-a-dessiner-la-magie-du-temps-des-fetes%e2%80%89-copy\/\">Continuer la lecture <span class=\"meta-nav\">&rarr;<\/span><\/a><\/p>\n","protected":false},"author":32,"featured_media":0,"comment_status":"open","ping_status":"closed","sticky":false,"template":"","format":"standard","meta":{"footnotes":""},"categories":[1],"tags":[],"_links":{"self":[{"href":"https:\/\/santemc.quebec\/icentre\/wp-json\/wp\/v2\/posts\/199551"}],"collection":[{"href":"https:\/\/santemc.quebec\/icentre\/wp-json\/wp\/v2\/posts"}],"about":[{"href":"https:\/\/santemc.quebec\/icentre\/wp-json\/wp\/v2\/types\/post"}],"author":[{"embeddable":true,"href":"https:\/\/santemc.quebec\/icentre\/wp-json\/wp\/v2\/users\/32"}],"replies":[{"embeddable":true,"href":"https:\/\/santemc.quebec\/icentre\/wp-json\/wp\/v2\/comments?post=199551"}],"version-history":[{"count":4,"href":"https:\/\/santemc.quebec\/icentre\/wp-json\/wp\/v2\/posts\/199551\/revisions"}],"predecessor-version":[{"id":206740,"href":"https:\/\/santemc.quebec\/icentre\/wp-json\/wp\/v2\/posts\/199551\/revisions\/206740"}],"wp:attachment":[{"href":"https:\/\/santemc.quebec\/icentre\/wp-json\/wp\/v2\/media?parent=199551"}],"wp:term":[{"taxonomy":"category","embeddable":true,"href":"https:\/\/santemc.quebec\/icentre\/wp-json\/wp\/v2\/categories?post=199551"},{"taxonomy":"post_tag","embeddable":true,"href":"https:\/\/santemc.quebec\/icentre\/wp-json\/wp\/v2\/tags?post=199551"}],"curies":[{"name":"wp","href":"https:\/\/api.w.org\/{rel}","templated":true}]}}