{"id":199555,"date":"2021-11-10T09:36:40","date_gmt":"2021-11-10T14:36:40","guid":{"rendered":"https:\/\/santemc.quebec\/icentre\/?p=199555"},"modified":"2021-11-10T10:02:11","modified_gmt":"2021-11-10T15:02:11","slug":"semaine-des-technologues-2021-des-expertises-a-connaitre-et-a-reconnaitre","status":"publish","type":"post","link":"https:\/\/santemc.quebec\/icentre\/semaine-des-technologues-2021-des-expertises-a-connaitre-et-a-reconnaitre\/","title":{"rendered":"Semaine des technologues 2021 : des expertises \u00e0 conna\u00eetre et \u00e0 reconna\u00eetre!"},"content":{"rendered":"<p style=\"text-align: left;\"><a href=\"https:\/\/santemc.quebec\/santemc\/icentre\/wp-content\/uploads\/2021\/11\/ordre_des_technologues1920x500-B-1536x400-1.jpg\"><img decoding=\"async\" loading=\"lazy\" class=\"size-medium wp-image-199560 alignleft\" src=\"https:\/\/santemc.quebec\/santemc\/icentre\/wp-content\/uploads\/2021\/11\/ordre_des_technologues1920x500-B-1536x400-1-300x78.jpg\" alt=\"\" width=\"300\" height=\"78\" srcset=\"https:\/\/santemc.quebec\/santemc\/icentre\/wp-content\/uploads\/2021\/11\/ordre_des_technologues1920x500-B-1536x400-1-300x78.jpg 300w, https:\/\/santemc.quebec\/santemc\/icentre\/wp-content\/uploads\/2021\/11\/ordre_des_technologues1920x500-B-1536x400-1-1024x267.jpg 1024w, https:\/\/santemc.quebec\/santemc\/icentre\/wp-content\/uploads\/2021\/11\/ordre_des_technologues1920x500-B-1536x400-1-768x200.jpg 768w, https:\/\/santemc.quebec\/santemc\/icentre\/wp-content\/uploads\/2021\/11\/ordre_des_technologues1920x500-B-1536x400-1-500x130.jpg 500w, https:\/\/santemc.quebec\/santemc\/icentre\/wp-content\/uploads\/2021\/11\/ordre_des_technologues1920x500-B-1536x400-1.jpg 1536w\" sizes=\"(max-width: 300px) 100vw, 300px\" \/><\/a>Du 7 au 13 novembre 2021, soulignons la Semaine des technologues en imagerie m\u00e9dicale, en radio-oncologie et en \u00e9lectrophysiologie m\u00e9dicale! En effet, cette semaine leur est tout sp\u00e9cialement d\u00e9di\u00e9e afin de mieux faire conna\u00eetre les diff\u00e9rentes professions et pour souligner le r\u00f4le essentiel qu\u2019ils jouent dans le syst\u00e8me de sant\u00e9.<\/p>\n<p><!--more--><\/p>\n<p>Pour notre CISSS, ce n\u2019est pas moins de 240 technologues qui travaillent aupr\u00e8s des patients, soutenant l\u2019\u00e9quipe m\u00e9dicale dans le traitement ad\u00e9quat de ces derniers.<\/p>\n<p>Plusieurs examens bien connus sont r\u00e9alis\u00e9s par les technologues :<\/p>\n<ul>\n<li>Les\u00a0<strong>technologues en imagerie m\u00e9dicale<\/strong> travaillent notamment en radiologie g\u00e9n\u00e9rale, m\u00e9decine nucl\u00e9aire, \u00e9chographie m\u00e9dicale, scan, r\u00e9sonance magn\u00e9tique, mammographie et angiographie. Au CISSS de la Mont\u00e9r\u00e9gie-Centre, nous avons aussi une expertise r\u00e9gionale en ce sens, dont la canc\u00e9rologie.<\/li>\n<li>Les\u00a0<strong>technologues en radio-oncologie<\/strong> r\u00e9alisent entre autres les traitements de radioth\u00e9rapie pour combattre le cancer.<\/li>\n<li>Les\u00a0<strong>technologues en \u00e9lectrophysiologie<\/strong>\u00a0<strong>m\u00e9dicale<\/strong>\u00a0r\u00e9alisent des examens comme les \u00e9lectroenc\u00e9phalogrammes (EEG), qui permettent de mesurer l&rsquo;activit\u00e9 \u00e9lectrique du cerveau.<\/li>\n<\/ul>\n<p>En ces temps de crise, les technologues en imagerie m\u00e9dicale, en radio-oncologie et en \u00e9lectrophysiologie m\u00e9dicale redoublent d\u2019efforts sur le terrain. En premi\u00e8re ligne ou en appui, leur pr\u00e9sence aupr\u00e8s des patients et leur expertise sont non seulement pr\u00e9cieuses mais essentielles.<\/p>\n<p>Merci pour votre travail!<\/p>\n","protected":false},"excerpt":{"rendered":"<p>Du 7 au 13 novembre 2021, soulignons la Semaine des technologues en imagerie m\u00e9dicale, en radio-oncologie et en \u00e9lectrophysiologie m\u00e9dicale! En effet, cette semaine leur est tout sp\u00e9cialement d\u00e9di\u00e9e afin de mieux faire conna\u00eetre les diff\u00e9rentes professions et pour souligner &hellip; <a href=\"https:\/\/santemc.quebec\/icentre\/semaine-des-technologues-2021-des-expertises-a-connaitre-et-a-reconnaitre\/\">Continuer la lecture <span class=\"meta-nav\">&rarr;<\/span><\/a><\/p>\n","protected":false},"author":9,"featured_media":0,"comment_status":"open","ping_status":"closed","sticky":false,"template":"","format":"standard","meta":{"footnotes":""},"categories":[1],"tags":[],"_links":{"self":[{"href":"https:\/\/santemc.quebec\/icentre\/wp-json\/wp\/v2\/posts\/199555"}],"collection":[{"href":"https:\/\/santemc.quebec\/icentre\/wp-json\/wp\/v2\/posts"}],"about":[{"href":"https:\/\/santemc.quebec\/icentre\/wp-json\/wp\/v2\/types\/post"}],"author":[{"embeddable":true,"href":"https:\/\/santemc.quebec\/icentre\/wp-json\/wp\/v2\/users\/9"}],"replies":[{"embeddable":true,"href":"https:\/\/santemc.quebec\/icentre\/wp-json\/wp\/v2\/comments?post=199555"}],"version-history":[{"count":3,"href":"https:\/\/santemc.quebec\/icentre\/wp-json\/wp\/v2\/posts\/199555\/revisions"}],"predecessor-version":[{"id":199562,"href":"https:\/\/santemc.quebec\/icentre\/wp-json\/wp\/v2\/posts\/199555\/revisions\/199562"}],"wp:attachment":[{"href":"https:\/\/santemc.quebec\/icentre\/wp-json\/wp\/v2\/media?parent=199555"}],"wp:term":[{"taxonomy":"category","embeddable":true,"href":"https:\/\/santemc.quebec\/icentre\/wp-json\/wp\/v2\/categories?post=199555"},{"taxonomy":"post_tag","embeddable":true,"href":"https:\/\/santemc.quebec\/icentre\/wp-json\/wp\/v2\/tags?post=199555"}],"curies":[{"name":"wp","href":"https:\/\/api.w.org\/{rel}","templated":true}]}}