{"id":199557,"date":"2021-11-10T09:46:11","date_gmt":"2021-11-10T14:46:11","guid":{"rendered":"https:\/\/santemc.quebec\/icentre\/?p=199557"},"modified":"2021-11-10T09:49:56","modified_gmt":"2021-11-10T14:49:56","slug":"ambassadeurs-de-la-bienveillance-recherches-copy","status":"publish","type":"post","link":"https:\/\/santemc.quebec\/icentre\/ambassadeurs-de-la-bienveillance-recherches-copy\/","title":{"rendered":"Prendre soin de soi"},"content":{"rendered":"<p><iframe loading=\"lazy\" title=\"04_PrendreSoindeSoi.mp4\" src=\"https:\/\/player.vimeo.com\/video\/640380840?h=4c0127ef1c&amp;dnt=1&amp;app_id=122963\" width=\"584\" height=\"329\" frameborder=\"0\" allow=\"autoplay; fullscreen; picture-in-picture\" allowfullscreen><\/iframe><\/p>\n<p>Cette nouvelle capsule apporte un \u00e9clairage nouveau sur l&rsquo;id\u00e9e de prendre soin de sa sant\u00e9 psychologique. Bon visionnement!<!--more--><\/p>\n<p><strong>De l&rsquo;information, des outils et des ressources sont aussi disponibles dans l&rsquo;intranet, dans la section\u00a0<a href=\"https:\/\/intranetcisssmc.rtss.qc.ca\/espace-employe\/prevention-et-mieux-etre-au-travail\/comment-ca-va-vraiment\">Comment \u00e7a va, vraiment?<\/a><\/strong><\/p>\n<p>Rappelons que nous sommes toujours \u00e0 la recherche <strong>d\u2019ambassadeurs de la bienveillance<\/strong>. Pour poser votre candidature ou soumettre celle d\u2019un coll\u00e8gue : visitez la section du <i>Programme de soutien par les pair<\/i>s sur intranet en\u00a0<a href=\"https:\/\/intranetcisssmc.rtss.qc.ca\/espace-employe\/prevention-et-mieux-etre-au-travail\/comment-ca-va-vraiment#c3190\">cliquant ici<\/a>.<\/p>\n","protected":false},"excerpt":{"rendered":"<p>Cette nouvelle capsule apporte un \u00e9clairage nouveau sur l&rsquo;id\u00e9e de prendre soin de sa sant\u00e9 psychologique. Bon visionnement!<\/p>\n","protected":false},"author":32,"featured_media":0,"comment_status":"open","ping_status":"closed","sticky":false,"template":"","format":"standard","meta":{"footnotes":""},"categories":[1],"tags":[],"_links":{"self":[{"href":"https:\/\/santemc.quebec\/icentre\/wp-json\/wp\/v2\/posts\/199557"}],"collection":[{"href":"https:\/\/santemc.quebec\/icentre\/wp-json\/wp\/v2\/posts"}],"about":[{"href":"https:\/\/santemc.quebec\/icentre\/wp-json\/wp\/v2\/types\/post"}],"author":[{"embeddable":true,"href":"https:\/\/santemc.quebec\/icentre\/wp-json\/wp\/v2\/users\/32"}],"replies":[{"embeddable":true,"href":"https:\/\/santemc.quebec\/icentre\/wp-json\/wp\/v2\/comments?post=199557"}],"version-history":[{"count":2,"href":"https:\/\/santemc.quebec\/icentre\/wp-json\/wp\/v2\/posts\/199557\/revisions"}],"predecessor-version":[{"id":199559,"href":"https:\/\/santemc.quebec\/icentre\/wp-json\/wp\/v2\/posts\/199557\/revisions\/199559"}],"wp:attachment":[{"href":"https:\/\/santemc.quebec\/icentre\/wp-json\/wp\/v2\/media?parent=199557"}],"wp:term":[{"taxonomy":"category","embeddable":true,"href":"https:\/\/santemc.quebec\/icentre\/wp-json\/wp\/v2\/categories?post=199557"},{"taxonomy":"post_tag","embeddable":true,"href":"https:\/\/santemc.quebec\/icentre\/wp-json\/wp\/v2\/tags?post=199557"}],"curies":[{"name":"wp","href":"https:\/\/api.w.org\/{rel}","templated":true}]}}