{"id":199563,"date":"2021-11-10T13:35:21","date_gmt":"2021-11-10T18:35:21","guid":{"rendered":"https:\/\/santemc.quebec\/icentre\/?p=199563"},"modified":"2021-11-10T14:01:13","modified_gmt":"2021-11-10T19:01:13","slug":"la-semaine-provinciale-du-loisir-a-pour-theme-le-loisir-un-phare-pour-nos-milieux-de-vie","status":"publish","type":"post","link":"https:\/\/santemc.quebec\/icentre\/la-semaine-provinciale-du-loisir-a-pour-theme-le-loisir-un-phare-pour-nos-milieux-de-vie\/","title":{"rendered":"La Semaine provinciale du loisir a pour th\u00e8me : Le loisir, un PHARE pour nos milieux de vie!"},"content":{"rendered":"<p><a href=\"https:\/\/santemc.quebec\/santemc\/icentre\/wp-content\/uploads\/2021\/11\/semaine_loisir.png\"><img decoding=\"async\" loading=\"lazy\" class=\" wp-image-199569 alignleft\" src=\"https:\/\/santemc.quebec\/santemc\/icentre\/wp-content\/uploads\/2021\/11\/semaine_loisir-300x113.png\" alt=\"\" width=\"217\" height=\"88\" \/><\/a>La Semaine provinciale du loisir de la F\u00e9d\u00e9ration qu\u00e9b\u00e9coise du loisir en institution et de ses associations r\u00e9gionales se tient du 7 au 13 novembre 2021 sous le th\u00e8me <em><strong>Le loisir, un PHARE pour nos milieux de vie!<\/strong><\/em>.<\/p>\n<p><!--more--><\/p>\n<p>L\u2019acc\u00e8s \u00e0 des loisirs est essentiel dans la vie de chaque personne vivant ou fr\u00e9quentant les divers milieux de vie du r\u00e9seau de la sant\u00e9. Les techniciens en loisirs de nos CHSLD et de nos centres de jour usent de cr\u00e9ativit\u00e9 et d\u2019originalit\u00e9 pour offrir \u00e0 tous nos r\u00e9sidents et usagers des loisirs qui contribuent \u00e0 pr\u00e9venir le d\u00e9conditionnement et \u00e0 am\u00e9liorer leur qualit\u00e9 de vie. Ces intervenants participent non seulement au jour le jour \u00e0 l\u2019am\u00e9lioration de la sant\u00e9 mentale et physique des personnes \u00e2g\u00e9es, mais ils leur apportent \u00e9galement du soutien, du r\u00e9confort et des moments de plaisir!<\/p>\n<p>Dans le cadre de cette Semaine du loisir, profitons-en pour remercier les techniciens en loisirs de nos CHSLD, de nos centres de jour et tous les autres intervenants de nos milieux de vie qui offrent aux personnes \u00e2g\u00e9es la possibilit\u00e9 de participer \u00e0 des activit\u00e9s qui contribuent \u00e0 leur bien-\u00eatre. Un grand merci \u00e9galement \u00e0 tous les b\u00e9n\u00e9voles et proches de nos usagers qui participent avec g\u00e9n\u00e9rosit\u00e9 \u00e0 cette mission.<\/p>\n<p>Pour plus d\u2019information sur la Semaine du loisir\u00a0:<br \/>\n<a href=\"https:\/\/www.fqli.org\/representation.php#semaine-du-loisir\" target=\"_blank\" rel=\"noopener\">https:\/\/www.fqli.org\/representation.php#semaine-du-loisir<\/a><\/p>\n<div id=\"attachment_199565\" style=\"width: 310px\" class=\"wp-caption aligncenter\"><a href=\"https:\/\/santemc.quebec\/santemc\/icentre\/wp-content\/uploads\/2021\/11\/signets.jpg\"><img aria-describedby=\"caption-attachment-199565\" decoding=\"async\" loading=\"lazy\" class=\"size-medium wp-image-199565\" src=\"https:\/\/santemc.quebec\/santemc\/icentre\/wp-content\/uploads\/2021\/11\/signets-300x136.jpg\" alt=\"\" width=\"300\" height=\"136\" srcset=\"https:\/\/santemc.quebec\/santemc\/icentre\/wp-content\/uploads\/2021\/11\/signets-300x136.jpg 300w, https:\/\/santemc.quebec\/santemc\/icentre\/wp-content\/uploads\/2021\/11\/signets-768x348.jpg 768w, https:\/\/santemc.quebec\/santemc\/icentre\/wp-content\/uploads\/2021\/11\/signets-500x227.jpg 500w, https:\/\/santemc.quebec\/santemc\/icentre\/wp-content\/uploads\/2021\/11\/signets.jpg 869w\" sizes=\"(max-width: 300px) 100vw, 300px\" \/><\/a><p id=\"caption-attachment-199565\" class=\"wp-caption-text\">Signets fabriqu\u00e9s par des r\u00e9sidents du CHSLD Georges-Phaneuf<\/p><\/div>\n<div id=\"attachment_199566\" style=\"width: 217px\" class=\"wp-caption aligncenter\"><a href=\"https:\/\/santemc.quebec\/santemc\/icentre\/wp-content\/uploads\/2021\/11\/JTremblay.jpg\"><img aria-describedby=\"caption-attachment-199566\" decoding=\"async\" loading=\"lazy\" class=\" wp-image-199566\" src=\"https:\/\/santemc.quebec\/santemc\/icentre\/wp-content\/uploads\/2021\/11\/JTremblay-300x225.jpg\" alt=\"\" width=\"207\" height=\"158\" \/><\/a><p id=\"caption-attachment-199566\" class=\"wp-caption-text\">M. James Tremblay lors d\u2019une activit\u00e9 de jardinage au CHSLD Champlain<\/p><\/div>\n<div id=\"attachment_199567\" style=\"width: 203px\" class=\"wp-caption aligncenter\"><a href=\"https:\/\/santemc.quebec\/santemc\/icentre\/wp-content\/uploads\/2021\/11\/LGrenier.jpg\"><img aria-describedby=\"caption-attachment-199567\" decoding=\"async\" loading=\"lazy\" class=\" wp-image-199567\" src=\"https:\/\/santemc.quebec\/santemc\/icentre\/wp-content\/uploads\/2021\/11\/LGrenier-256x300.jpg\" alt=\"\" width=\"193\" height=\"224\" \/><\/a><p id=\"caption-attachment-199567\" class=\"wp-caption-text\">Mme Lucie Grenier du CHSLD Georges-Phaneuf et sa toile r\u00e9alis\u00e9e lors d\u2019une activit\u00e9 de peinture<\/p><\/div>\n","protected":false},"excerpt":{"rendered":"<p>La Semaine provinciale du loisir de la F\u00e9d\u00e9ration qu\u00e9b\u00e9coise du loisir en institution et de ses associations r\u00e9gionales se tient du 7 au 13 novembre 2021 sous le th\u00e8me Le loisir, un PHARE pour nos milieux de vie!.<\/p>\n","protected":false},"author":9,"featured_media":0,"comment_status":"open","ping_status":"closed","sticky":false,"template":"","format":"standard","meta":{"footnotes":""},"categories":[1],"tags":[],"_links":{"self":[{"href":"https:\/\/santemc.quebec\/icentre\/wp-json\/wp\/v2\/posts\/199563"}],"collection":[{"href":"https:\/\/santemc.quebec\/icentre\/wp-json\/wp\/v2\/posts"}],"about":[{"href":"https:\/\/santemc.quebec\/icentre\/wp-json\/wp\/v2\/types\/post"}],"author":[{"embeddable":true,"href":"https:\/\/santemc.quebec\/icentre\/wp-json\/wp\/v2\/users\/9"}],"replies":[{"embeddable":true,"href":"https:\/\/santemc.quebec\/icentre\/wp-json\/wp\/v2\/comments?post=199563"}],"version-history":[{"count":10,"href":"https:\/\/santemc.quebec\/icentre\/wp-json\/wp\/v2\/posts\/199563\/revisions"}],"predecessor-version":[{"id":199578,"href":"https:\/\/santemc.quebec\/icentre\/wp-json\/wp\/v2\/posts\/199563\/revisions\/199578"}],"wp:attachment":[{"href":"https:\/\/santemc.quebec\/icentre\/wp-json\/wp\/v2\/media?parent=199563"}],"wp:term":[{"taxonomy":"category","embeddable":true,"href":"https:\/\/santemc.quebec\/icentre\/wp-json\/wp\/v2\/categories?post=199563"},{"taxonomy":"post_tag","embeddable":true,"href":"https:\/\/santemc.quebec\/icentre\/wp-json\/wp\/v2\/tags?post=199563"}],"curies":[{"name":"wp","href":"https:\/\/api.w.org\/{rel}","templated":true}]}}