{"id":199608,"date":"2021-11-15T09:01:46","date_gmt":"2021-11-15T14:01:46","guid":{"rendered":"https:\/\/santemc.quebec\/icentre\/?p=199608"},"modified":"2021-11-15T16:14:03","modified_gmt":"2021-11-15T21:14:03","slug":"rappel-sensibilisation-aux-realites-autochtones","status":"publish","type":"post","link":"https:\/\/santemc.quebec\/icentre\/rappel-sensibilisation-aux-realites-autochtones\/","title":{"rendered":"Rappel &#8211; Sensibilisation aux r\u00e9alit\u00e9s autochtones"},"content":{"rendered":"<p><img decoding=\"async\" loading=\"lazy\" class=\"aligncenter size-full wp-image-199609\" src=\"https:\/\/santemc.quebec\/santemc\/icentre\/wp-content\/uploads\/2021\/11\/Bandeau_Sensibilisation-aux-realites-autochtones.jpg\" alt=\"\" width=\"1561\" height=\"304\" srcset=\"https:\/\/santemc.quebec\/santemc\/icentre\/wp-content\/uploads\/2021\/11\/Bandeau_Sensibilisation-aux-realites-autochtones.jpg 1561w, https:\/\/santemc.quebec\/santemc\/icentre\/wp-content\/uploads\/2021\/11\/Bandeau_Sensibilisation-aux-realites-autochtones-300x58.jpg 300w, https:\/\/santemc.quebec\/santemc\/icentre\/wp-content\/uploads\/2021\/11\/Bandeau_Sensibilisation-aux-realites-autochtones-1024x199.jpg 1024w, https:\/\/santemc.quebec\/santemc\/icentre\/wp-content\/uploads\/2021\/11\/Bandeau_Sensibilisation-aux-realites-autochtones-768x150.jpg 768w, https:\/\/santemc.quebec\/santemc\/icentre\/wp-content\/uploads\/2021\/11\/Bandeau_Sensibilisation-aux-realites-autochtones-1536x299.jpg 1536w, https:\/\/santemc.quebec\/santemc\/icentre\/wp-content\/uploads\/2021\/11\/Bandeau_Sensibilisation-aux-realites-autochtones-500x97.jpg 500w\" sizes=\"(max-width: 1561px) 100vw, 1561px\" \/><\/p>\n<p>&nbsp;<\/p>\n<p>La formation \u00ab Sensibilisation aux r\u00e9alit\u00e9s autochtones \u00bb est accessible depuis le 1<sup>er<\/sup>\u00a0juin 2021 sur la plateforme FCP-ENA :\u00a0<a id=\"LPlnk898987\" href=\"https:\/\/fcp.rtss.qc.ca\/course\/view.php?id=10224\" target=\"_blank\" rel=\"noopener noreferrer\" data-auth=\"NotApplicable\" data-linkindex=\"0\">https:\/\/fcp.rtss.qc.ca\/course\/view.php?id=10224<\/a><\/p>\n<p>Elle a pour objectifs de d\u00e9construire les mythes et les pr\u00e9jug\u00e9s, de favoriser une communication interculturelle fructueuse et de mieux \u0153uvrer aupr\u00e8s des membres des communaut\u00e9s autochtones.<br \/>\n<!--more--><br \/>\nDans le but de sensibiliser l\u2019ensemble des employ\u00e9s du r\u00e9seau de la sant\u00e9 et des services sociaux (RSSS) aux r\u00e9alit\u00e9s autochtones, les modules obligatoires de cette formation (dur\u00e9e totale de 1 h 45) doivent \u00eatre compl\u00e9t\u00e9s d\u2019ici le 30 septembre 2022 par tous les cadres et les employ\u00e9s.<\/p>\n<div>\n<p>Cette initiative constitue un point de d\u00e9part dans la volont\u00e9 d\u2019offrir un acc\u00e8s \u00e0 des soins culturellement s\u00e9curitaires et pertinents pour les membres des Premi\u00e8res Nations et les Inuits.<\/p>\n<p>La formation doit \u00eatre r\u00e9alis\u00e9e durant votre temps de travail. De fa\u00e7on exceptionnelle, si vous devez la faire \u00e0 l&rsquo;ext\u00e9rieur de votre temps de travail, vous devez en faire la demande \u00e0 votre gestionnaire.<\/p>\n<\/div>\n","protected":false},"excerpt":{"rendered":"<p>&nbsp; La formation \u00ab Sensibilisation aux r\u00e9alit\u00e9s autochtones \u00bb est accessible depuis le 1er\u00a0juin 2021 sur la plateforme FCP-ENA :\u00a0https:\/\/fcp.rtss.qc.ca\/course\/view.php?id=10224 Elle a pour objectifs de d\u00e9construire les mythes et les pr\u00e9jug\u00e9s, de favoriser une communication interculturelle fructueuse et de mieux &hellip; <a href=\"https:\/\/santemc.quebec\/icentre\/rappel-sensibilisation-aux-realites-autochtones\/\">Continuer la lecture <span class=\"meta-nav\">&rarr;<\/span><\/a><\/p>\n","protected":false},"author":1,"featured_media":0,"comment_status":"open","ping_status":"closed","sticky":false,"template":"","format":"standard","meta":{"footnotes":""},"categories":[1],"tags":[],"_links":{"self":[{"href":"https:\/\/santemc.quebec\/icentre\/wp-json\/wp\/v2\/posts\/199608"}],"collection":[{"href":"https:\/\/santemc.quebec\/icentre\/wp-json\/wp\/v2\/posts"}],"about":[{"href":"https:\/\/santemc.quebec\/icentre\/wp-json\/wp\/v2\/types\/post"}],"author":[{"embeddable":true,"href":"https:\/\/santemc.quebec\/icentre\/wp-json\/wp\/v2\/users\/1"}],"replies":[{"embeddable":true,"href":"https:\/\/santemc.quebec\/icentre\/wp-json\/wp\/v2\/comments?post=199608"}],"version-history":[{"count":5,"href":"https:\/\/santemc.quebec\/icentre\/wp-json\/wp\/v2\/posts\/199608\/revisions"}],"predecessor-version":[{"id":199660,"href":"https:\/\/santemc.quebec\/icentre\/wp-json\/wp\/v2\/posts\/199608\/revisions\/199660"}],"wp:attachment":[{"href":"https:\/\/santemc.quebec\/icentre\/wp-json\/wp\/v2\/media?parent=199608"}],"wp:term":[{"taxonomy":"category","embeddable":true,"href":"https:\/\/santemc.quebec\/icentre\/wp-json\/wp\/v2\/categories?post=199608"},{"taxonomy":"post_tag","embeddable":true,"href":"https:\/\/santemc.quebec\/icentre\/wp-json\/wp\/v2\/tags?post=199608"}],"curies":[{"name":"wp","href":"https:\/\/api.w.org\/{rel}","templated":true}]}}