{"id":199664,"date":"2021-11-16T11:02:24","date_gmt":"2021-11-16T16:02:24","guid":{"rendered":"https:\/\/santemc.quebec\/icentre\/?p=199664"},"modified":"2021-11-16T11:15:58","modified_gmt":"2021-11-16T16:15:58","slug":"des-messages-touchants-destines-aux-employes-du-cisssmc","status":"publish","type":"post","link":"https:\/\/santemc.quebec\/icentre\/des-messages-touchants-destines-aux-employes-du-cisssmc\/","title":{"rendered":"Des messages touchants destin\u00e9s aux employ\u00e9s du CISSSMC"},"content":{"rendered":"<p><img decoding=\"async\" loading=\"lazy\" class=\"size-medium wp-image-199670 alignleft\" src=\"https:\/\/santemc.quebec\/santemc\/icentre\/wp-content\/uploads\/2021\/11\/2-300x300.jpg\" alt=\"\" width=\"300\" height=\"300\" srcset=\"https:\/\/santemc.quebec\/santemc\/icentre\/wp-content\/uploads\/2021\/11\/2-300x300.jpg 300w, https:\/\/santemc.quebec\/santemc\/icentre\/wp-content\/uploads\/2021\/11\/2-1024x1024.jpg 1024w, https:\/\/santemc.quebec\/santemc\/icentre\/wp-content\/uploads\/2021\/11\/2-150x150.jpg 150w, https:\/\/santemc.quebec\/santemc\/icentre\/wp-content\/uploads\/2021\/11\/2-768x768.jpg 768w, https:\/\/santemc.quebec\/santemc\/icentre\/wp-content\/uploads\/2021\/11\/2.jpg 1080w\" sizes=\"(max-width: 300px) 100vw, 300px\" \/>Dans le cadre de sa campagne <em>Lumi\u00e8res d\u2019hiver<\/em>, la Fondation Sant\u00e9 invite la population de la r\u00e9gion du Haut-Richelieu \u00e0 illuminer le sapin g\u00e9ant qui sera \u00e9rig\u00e9 devant l\u2019H\u00f4pital du Haut-Richelieu en achetant une lumi\u00e8re au co\u00fbt de 5 $.<\/p>\n<p>Mais saviez-vous que, lorsqu\u2019un donateur ach\u00e8te une lumi\u00e8re, il peut choisir de transmettre un v\u0153u au personnel de la sant\u00e9? Depuis le 1<sup>er<\/sup> novembre, la Fondation a ainsi recueilli de nombreux et touchants messages.<\/p>\n<p><!--more--><\/p>\n<p>&nbsp;<\/p>\n<p>Voici donc quelques mots qui vous sont destin\u00e9s (<em>cliquez sur l&rsquo;image pour am\u00e9liorer la lisibilit\u00e9<\/em>) :<\/p>\n<p>&nbsp;<\/p>\n<p>[huge_it_slider id=\u00a0\u00bb44&Prime;]<\/p>\n<p>&nbsp;<\/p>\n<p><strong>10\u00a0000 lumi\u00e8res devant l\u2019h\u00f4pital<br \/>\n<\/strong>Il est encore temps de contribuer \u00e0 l\u2019illumination du sapin g\u00e9ant! \u00c0 compter du 25 novembre, ce sont 10\u00a0000 lumi\u00e8res qui brilleront devant l\u2019H\u00f4pital du Haut-Richelieu afin de r\u00e9chauffer le c\u0153ur des patients, des employ\u00e9s et des m\u00e9decins durant le temps des F\u00eates.<\/p>\n<p>Achetez, vous aussi, votre lumi\u00e8re virtuelle \u00e0 5 $ sur <a href=\"http:\/\/www.jedonnelumieres.com\" target=\"_blank\" rel=\"noopener\">www.jedonnelumieres.com<\/a><\/p>\n<p>Soulignons qu\u2019avec sa campagne <em>Lumi\u00e8res d\u2019hiver<\/em>, la Fondation Sant\u00e9 souhaite financer le projet <em>B\u00e2tir ensemble<\/em>, pour le r\u00e9am\u00e9nagement complet de l\u2019unit\u00e9 de psychiatrie de l\u2019H\u00f4pital du Haut-Richelieu.<\/p>\n<p>Au nom de l\u2019\u00e9quipe de la Fondation Sant\u00e9 et de toute la communaut\u00e9, merci pour votre travail acharn\u00e9 afin de toujours placer l\u2019humain au c\u0153ur de la sant\u00e9.<\/p>\n","protected":false},"excerpt":{"rendered":"<p>Dans le cadre de sa campagne Lumi\u00e8res d\u2019hiver, la Fondation Sant\u00e9 invite la population de la r\u00e9gion du Haut-Richelieu \u00e0 illuminer le sapin g\u00e9ant qui sera \u00e9rig\u00e9 devant l\u2019H\u00f4pital du Haut-Richelieu en achetant une lumi\u00e8re au co\u00fbt de 5 $. &hellip; <a href=\"https:\/\/santemc.quebec\/icentre\/des-messages-touchants-destines-aux-employes-du-cisssmc\/\">Continuer la lecture <span class=\"meta-nav\">&rarr;<\/span><\/a><\/p>\n","protected":false},"author":9,"featured_media":0,"comment_status":"open","ping_status":"closed","sticky":false,"template":"","format":"standard","meta":{"footnotes":""},"categories":[1],"tags":[],"_links":{"self":[{"href":"https:\/\/santemc.quebec\/icentre\/wp-json\/wp\/v2\/posts\/199664"}],"collection":[{"href":"https:\/\/santemc.quebec\/icentre\/wp-json\/wp\/v2\/posts"}],"about":[{"href":"https:\/\/santemc.quebec\/icentre\/wp-json\/wp\/v2\/types\/post"}],"author":[{"embeddable":true,"href":"https:\/\/santemc.quebec\/icentre\/wp-json\/wp\/v2\/users\/9"}],"replies":[{"embeddable":true,"href":"https:\/\/santemc.quebec\/icentre\/wp-json\/wp\/v2\/comments?post=199664"}],"version-history":[{"count":5,"href":"https:\/\/santemc.quebec\/icentre\/wp-json\/wp\/v2\/posts\/199664\/revisions"}],"predecessor-version":[{"id":199677,"href":"https:\/\/santemc.quebec\/icentre\/wp-json\/wp\/v2\/posts\/199664\/revisions\/199677"}],"wp:attachment":[{"href":"https:\/\/santemc.quebec\/icentre\/wp-json\/wp\/v2\/media?parent=199664"}],"wp:term":[{"taxonomy":"category","embeddable":true,"href":"https:\/\/santemc.quebec\/icentre\/wp-json\/wp\/v2\/categories?post=199664"},{"taxonomy":"post_tag","embeddable":true,"href":"https:\/\/santemc.quebec\/icentre\/wp-json\/wp\/v2\/tags?post=199664"}],"curies":[{"name":"wp","href":"https:\/\/api.w.org\/{rel}","templated":true}]}}