{"id":199707,"date":"2021-11-18T09:42:39","date_gmt":"2021-11-18T14:42:39","guid":{"rendered":"https:\/\/santemc.quebec\/icentre\/?p=199707"},"modified":"2021-11-18T10:42:21","modified_gmt":"2021-11-18T15:42:21","slug":"recrutement-massif-de-lautomne-on-poursuit-la-course-aux-inscriptions","status":"publish","type":"post","link":"https:\/\/santemc.quebec\/icentre\/recrutement-massif-de-lautomne-on-poursuit-la-course-aux-inscriptions\/","title":{"rendered":"Recrutement massif de l\u2019automne : On poursuit la course aux inscriptions!"},"content":{"rendered":"<p><a href=\"https:\/\/santemc.quebec\/santemc\/icentre\/wp-content\/uploads\/2021\/11\/Bandeaux-Linkedin_Plan-de-travail-1-scaled.jpg\"><img decoding=\"async\" loading=\"lazy\" class=\"aligncenter wp-image-199708 size-full\" src=\"https:\/\/santemc.quebec\/santemc\/icentre\/wp-content\/uploads\/2021\/11\/Bandeaux-Linkedin_Plan-de-travail-1-scaled.jpg\" alt=\"\" width=\"2560\" height=\"640\" srcset=\"https:\/\/santemc.quebec\/santemc\/icentre\/wp-content\/uploads\/2021\/11\/Bandeaux-Linkedin_Plan-de-travail-1-scaled.jpg 2560w, https:\/\/santemc.quebec\/santemc\/icentre\/wp-content\/uploads\/2021\/11\/Bandeaux-Linkedin_Plan-de-travail-1-300x75.jpg 300w, https:\/\/santemc.quebec\/santemc\/icentre\/wp-content\/uploads\/2021\/11\/Bandeaux-Linkedin_Plan-de-travail-1-1024x256.jpg 1024w, https:\/\/santemc.quebec\/santemc\/icentre\/wp-content\/uploads\/2021\/11\/Bandeaux-Linkedin_Plan-de-travail-1-768x192.jpg 768w, https:\/\/santemc.quebec\/santemc\/icentre\/wp-content\/uploads\/2021\/11\/Bandeaux-Linkedin_Plan-de-travail-1-1536x384.jpg 1536w, https:\/\/santemc.quebec\/santemc\/icentre\/wp-content\/uploads\/2021\/11\/Bandeaux-Linkedin_Plan-de-travail-1-2048x512.jpg 2048w, https:\/\/santemc.quebec\/santemc\/icentre\/wp-content\/uploads\/2021\/11\/Bandeaux-Linkedin_Plan-de-travail-1-500x125.jpg 500w\" sizes=\"(max-width: 2560px) 100vw, 2560px\" \/><\/a><\/p>\n<p>Les inscriptions \u00e0 notre \u00e9v\u00e9nement de recrutement automnal se poursuivent et augmentent de jour en jour! Depuis le lancement de la campagne jeudi dernier, nous avons re\u00e7u pr\u00e8s de 200 candidatures!<\/p>\n<p><!--more--><\/p>\n<p>En tant qu\u2019employ\u00e9s, gestionnaires, m\u00e9decins ou stagiaires du CISSSMC, vous pouvez contribuer de fa\u00e7on concr\u00e8te \u00e0 la campagne de recrutement. Voici comment\u00a0:<\/p>\n<ul>\n<li>Vous pouvez aimer et suivre nos pages Facebook, LinkedIn et notre compte Instagram!<\/li>\n<li>Lorsque vous voyez une publication ou une <em>story<\/em> en lien avec le recrutement, n\u2019h\u00e9sitez pas \u00e0 la partager!<\/li>\n<li>Si vous connaissez des gens qui sont \u00e0 la recherche d\u2019un emploi, vous pouvez les identifier en commentaire sous les publications ou sous nos publicit\u00e9s de recrutement. Ou simplement leur faire suivre l\u2019adresse du microsite d\u00e9di\u00e9 \u00e0 l\u2019\u00e9v\u00e9nement\u00a0: <a href=\"https:\/\/boutique.nousrecrutons.ca\/\" target=\"_blank\" rel=\"noopener\">https:\/\/boutique.nousrecrutons.ca\/<\/a><\/li>\n<li>Vous n\u2019\u00eates pas sur les r\u00e9seaux sociaux? Aucun probl\u00e8me, suivez les nouvelles en lien avec le recrutement sur le i-Centre et partagez les informations avec vos proches!<\/li>\n<\/ul>\n<p>Voici les liens de nos r\u00e9seaux sociaux :<\/p>\n<p>Facebook\u00a0: <a href=\"https:\/\/www.facebook.com\/cisssmc\" target=\"_blank\" rel=\"noopener\">https:\/\/www.facebook.com\/cisssmc<\/a><br \/>\nLinkedIn : <a href=\"https:\/\/www.linkedin.com\/company\/cisssmc\/\" target=\"_blank\" rel=\"noopener\">https:\/\/www.linkedin.com\/company\/cisssmc\/<\/a><br \/>\nInstagram : <a href=\"https:\/\/www.instagram.com\/cisssmc16\/\" target=\"_blank\" rel=\"noopener\">https:\/\/www.instagram.com\/cisssmc16\/<\/a><\/p>\n<p>Pour soumettre leur candidature et\/ou pour en apprendre davantage sur les emplois offerts au CISSSMC, les personnes int\u00e9ress\u00e9es sont invit\u00e9es \u00e0 se rendre sur le microsite <a href=\"https:\/\/boutique.nousrecrutons.ca\/\" target=\"_blank\" rel=\"noopener\">https:\/\/boutique.nousrecrutons.ca\/<\/a><\/p>\n<p>&nbsp;<\/p>\n","protected":false},"excerpt":{"rendered":"<p>Les inscriptions \u00e0 notre \u00e9v\u00e9nement de recrutement automnal se poursuivent et augmentent de jour en jour! Depuis le lancement de la campagne jeudi dernier, nous avons re\u00e7u pr\u00e8s de 200 candidatures!<\/p>\n","protected":false},"author":9,"featured_media":0,"comment_status":"open","ping_status":"closed","sticky":false,"template":"","format":"standard","meta":{"footnotes":""},"categories":[1],"tags":[],"_links":{"self":[{"href":"https:\/\/santemc.quebec\/icentre\/wp-json\/wp\/v2\/posts\/199707"}],"collection":[{"href":"https:\/\/santemc.quebec\/icentre\/wp-json\/wp\/v2\/posts"}],"about":[{"href":"https:\/\/santemc.quebec\/icentre\/wp-json\/wp\/v2\/types\/post"}],"author":[{"embeddable":true,"href":"https:\/\/santemc.quebec\/icentre\/wp-json\/wp\/v2\/users\/9"}],"replies":[{"embeddable":true,"href":"https:\/\/santemc.quebec\/icentre\/wp-json\/wp\/v2\/comments?post=199707"}],"version-history":[{"count":2,"href":"https:\/\/santemc.quebec\/icentre\/wp-json\/wp\/v2\/posts\/199707\/revisions"}],"predecessor-version":[{"id":199710,"href":"https:\/\/santemc.quebec\/icentre\/wp-json\/wp\/v2\/posts\/199707\/revisions\/199710"}],"wp:attachment":[{"href":"https:\/\/santemc.quebec\/icentre\/wp-json\/wp\/v2\/media?parent=199707"}],"wp:term":[{"taxonomy":"category","embeddable":true,"href":"https:\/\/santemc.quebec\/icentre\/wp-json\/wp\/v2\/categories?post=199707"},{"taxonomy":"post_tag","embeddable":true,"href":"https:\/\/santemc.quebec\/icentre\/wp-json\/wp\/v2\/tags?post=199707"}],"curies":[{"name":"wp","href":"https:\/\/api.w.org\/{rel}","templated":true}]}}