{"id":199723,"date":"2021-11-19T13:12:21","date_gmt":"2021-11-19T18:12:21","guid":{"rendered":"https:\/\/santemc.quebec\/icentre\/?p=199723"},"modified":"2021-11-22T17:33:34","modified_gmt":"2021-11-22T22:33:34","slug":"obligation-de-depistage-pour-les-personnes-non-adequatement-protegees","status":"publish","type":"post","link":"https:\/\/santemc.quebec\/icentre\/obligation-de-depistage-pour-les-personnes-non-adequatement-protegees\/","title":{"rendered":"Obligation de d\u00e9pistage pour les personnes non ad\u00e9quatement prot\u00e9g\u00e9es"},"content":{"rendered":"<p><a href=\"https:\/\/santemc.quebec\/santemc\/icentre\/wp-content\/uploads\/2021\/11\/2021-11-19_NS_nouvelles-modalites_Arrete_Ministeriel_2021-081.pdf\">Lire la note de service<\/a>.<\/p>\n","protected":false},"excerpt":{"rendered":"<p>Lire la note de service.<\/p>\n","protected":false},"author":1,"featured_media":0,"comment_status":"open","ping_status":"closed","sticky":false,"template":"","format":"standard","meta":{"footnotes":""},"categories":[1],"tags":[],"_links":{"self":[{"href":"https:\/\/santemc.quebec\/icentre\/wp-json\/wp\/v2\/posts\/199723"}],"collection":[{"href":"https:\/\/santemc.quebec\/icentre\/wp-json\/wp\/v2\/posts"}],"about":[{"href":"https:\/\/santemc.quebec\/icentre\/wp-json\/wp\/v2\/types\/post"}],"author":[{"embeddable":true,"href":"https:\/\/santemc.quebec\/icentre\/wp-json\/wp\/v2\/users\/1"}],"replies":[{"embeddable":true,"href":"https:\/\/santemc.quebec\/icentre\/wp-json\/wp\/v2\/comments?post=199723"}],"version-history":[{"count":2,"href":"https:\/\/santemc.quebec\/icentre\/wp-json\/wp\/v2\/posts\/199723\/revisions"}],"predecessor-version":[{"id":199726,"href":"https:\/\/santemc.quebec\/icentre\/wp-json\/wp\/v2\/posts\/199723\/revisions\/199726"}],"wp:attachment":[{"href":"https:\/\/santemc.quebec\/icentre\/wp-json\/wp\/v2\/media?parent=199723"}],"wp:term":[{"taxonomy":"category","embeddable":true,"href":"https:\/\/santemc.quebec\/icentre\/wp-json\/wp\/v2\/categories?post=199723"},{"taxonomy":"post_tag","embeddable":true,"href":"https:\/\/santemc.quebec\/icentre\/wp-json\/wp\/v2\/tags?post=199723"}],"curies":[{"name":"wp","href":"https:\/\/api.w.org\/{rel}","templated":true}]}}