{"id":199753,"date":"2021-11-23T08:38:00","date_gmt":"2021-11-23T13:38:00","guid":{"rendered":"https:\/\/santemc.quebec\/icentre\/?p=199753"},"modified":"2021-11-23T08:38:00","modified_gmt":"2021-11-23T13:38:00","slug":"recrutement-massif-de-lautomne-dernier-sprint-avant-larrivee","status":"publish","type":"post","link":"https:\/\/santemc.quebec\/icentre\/recrutement-massif-de-lautomne-dernier-sprint-avant-larrivee\/","title":{"rendered":"Recrutement massif de l\u2019automne : Dernier sprint avant l\u2019arriv\u00e9e!"},"content":{"rendered":"<p><a href=\"https:\/\/santemc.quebec\/santemc\/icentre\/wp-content\/uploads\/2021\/11\/Bandeaux-Linkedin_Plan-de-travail-1-scaled.jpg\"><img decoding=\"async\" loading=\"lazy\" class=\"aligncenter wp-image-199708 size-full\" src=\"https:\/\/santemc.quebec\/santemc\/icentre\/wp-content\/uploads\/2021\/11\/Bandeaux-Linkedin_Plan-de-travail-1-scaled.jpg\" alt=\"\" width=\"2560\" height=\"640\" srcset=\"https:\/\/santemc.quebec\/santemc\/icentre\/wp-content\/uploads\/2021\/11\/Bandeaux-Linkedin_Plan-de-travail-1-scaled.jpg 2560w, https:\/\/santemc.quebec\/santemc\/icentre\/wp-content\/uploads\/2021\/11\/Bandeaux-Linkedin_Plan-de-travail-1-300x75.jpg 300w, https:\/\/santemc.quebec\/santemc\/icentre\/wp-content\/uploads\/2021\/11\/Bandeaux-Linkedin_Plan-de-travail-1-1024x256.jpg 1024w, https:\/\/santemc.quebec\/santemc\/icentre\/wp-content\/uploads\/2021\/11\/Bandeaux-Linkedin_Plan-de-travail-1-768x192.jpg 768w, https:\/\/santemc.quebec\/santemc\/icentre\/wp-content\/uploads\/2021\/11\/Bandeaux-Linkedin_Plan-de-travail-1-1536x384.jpg 1536w, https:\/\/santemc.quebec\/santemc\/icentre\/wp-content\/uploads\/2021\/11\/Bandeaux-Linkedin_Plan-de-travail-1-2048x512.jpg 2048w, https:\/\/santemc.quebec\/santemc\/icentre\/wp-content\/uploads\/2021\/11\/Bandeaux-Linkedin_Plan-de-travail-1-500x125.jpg 500w\" sizes=\"(max-width: 2560px) 100vw, 2560px\" \/><\/a><\/p>\n<p>Il ne reste que quelques jours avant la tenue de notre \u00e9v\u00e9nement de recrutement, nous en sommes aux derniers milles. C\u2019est maintenant le moment de redoubler d\u2019efforts afin d\u2019atteindre la ligne d\u2019arriv\u00e9e.<\/p>\n<p><!--more--><\/p>\n<p>Les candidats qui seront s\u00e9lectionn\u00e9s seront <strong>vos<\/strong> futurs coll\u00e8gues. Nous vous invitons donc \u00e0 participer activement \u00e0 la promotion de nos initiatives de recrutement!<\/p>\n<p><strong>Publicit\u00e9 dans les cahiers emploi<\/strong><\/p>\n<p>Pour poursuivre cette offensive de recrutement \u00e0 grand d\u00e9ploiement, notre CISSS diffusera de la publicit\u00e9 dans les cahiers emploi de la r\u00e9gion du 25 et du 30 novembre prochains. M\u00eame si l\u2019\u00e9v\u00e9nement en soi se termine le 27 novembre, nous laisserons le formulaire d\u2019inscription \u00ab ouvert \u00bb afin que les candidats int\u00e9ress\u00e9s \u00e0 travailler chez nous puissent s\u2019inscrire au-del\u00e0 de la date limite.<\/p>\n<p>Comme quoi au CISSS de la Mont\u00e9r\u00e9gie-Centre, le recrutement ne prend jamais de pause!<\/p>\n<p><strong>Partagez l\u2019info en grand nombre! <\/strong><\/p>\n<p>Revoici les liens de nos r\u00e9seaux sociaux :<\/p>\n<p>Facebook\u00a0: <a href=\"https:\/\/www.facebook.com\/cisssmc\" target=\"_blank\" rel=\"noopener\">https:\/\/www.facebook.com\/cisssmc<\/a><br \/>\nLinkedIn : <a href=\"https:\/\/www.linkedin.com\/company\/cisssmc\/\" target=\"_blank\" rel=\"noopener\">https:\/\/www.linkedin.com\/company\/cisssmc\/<\/a><br \/>\nInstagram : <a href=\"https:\/\/www.instagram.com\/cisssmc16\/\" target=\"_blank\" rel=\"noopener\">https:\/\/www.instagram.com\/cisssmc16\/<\/a><\/p>\n<p>Pour soumettre leur candidature et\/ou pour en apprendre davantage sur les emplois offerts au CISSSMC, les personnes int\u00e9ress\u00e9es sont invit\u00e9es \u00e0 se rendre sur le microsite <a href=\"https:\/\/boutique.nousrecrutons.ca\/\" target=\"_blank\" rel=\"noopener\">https:\/\/boutique.nousrecrutons.ca\/<\/a>.<\/p>\n<p>Plusieurs cartes-cadeaux du Dix30 \u00e0 gagner pour les candidats inscrits!<\/p>\n","protected":false},"excerpt":{"rendered":"<p>Il ne reste que quelques jours avant la tenue de notre \u00e9v\u00e9nement de recrutement, nous en sommes aux derniers milles. C\u2019est maintenant le moment de redoubler d\u2019efforts afin d\u2019atteindre la ligne d\u2019arriv\u00e9e.<\/p>\n","protected":false},"author":9,"featured_media":0,"comment_status":"open","ping_status":"closed","sticky":false,"template":"","format":"standard","meta":{"footnotes":""},"categories":[1],"tags":[],"_links":{"self":[{"href":"https:\/\/santemc.quebec\/icentre\/wp-json\/wp\/v2\/posts\/199753"}],"collection":[{"href":"https:\/\/santemc.quebec\/icentre\/wp-json\/wp\/v2\/posts"}],"about":[{"href":"https:\/\/santemc.quebec\/icentre\/wp-json\/wp\/v2\/types\/post"}],"author":[{"embeddable":true,"href":"https:\/\/santemc.quebec\/icentre\/wp-json\/wp\/v2\/users\/9"}],"replies":[{"embeddable":true,"href":"https:\/\/santemc.quebec\/icentre\/wp-json\/wp\/v2\/comments?post=199753"}],"version-history":[{"count":3,"href":"https:\/\/santemc.quebec\/icentre\/wp-json\/wp\/v2\/posts\/199753\/revisions"}],"predecessor-version":[{"id":199756,"href":"https:\/\/santemc.quebec\/icentre\/wp-json\/wp\/v2\/posts\/199753\/revisions\/199756"}],"wp:attachment":[{"href":"https:\/\/santemc.quebec\/icentre\/wp-json\/wp\/v2\/media?parent=199753"}],"wp:term":[{"taxonomy":"category","embeddable":true,"href":"https:\/\/santemc.quebec\/icentre\/wp-json\/wp\/v2\/categories?post=199753"},{"taxonomy":"post_tag","embeddable":true,"href":"https:\/\/santemc.quebec\/icentre\/wp-json\/wp\/v2\/tags?post=199753"}],"curies":[{"name":"wp","href":"https:\/\/api.w.org\/{rel}","templated":true}]}}