{"id":199775,"date":"2021-11-22T16:00:05","date_gmt":"2021-11-22T21:00:05","guid":{"rendered":"https:\/\/santemc.quebec\/icentre\/?p=199775"},"modified":"2021-11-22T16:01:33","modified_gmt":"2021-11-22T21:01:33","slug":"covid-19-mise-a-jour-de-la-foire-aux-questions-22","status":"publish","type":"post","link":"https:\/\/santemc.quebec\/icentre\/covid-19-mise-a-jour-de-la-foire-aux-questions-22\/","title":{"rendered":"COVID-19 : Mise \u00e0 jour de la Foire aux questions"},"content":{"rendered":"<p>Des informations importantes ont \u00e9t\u00e9 ajout\u00e9es \u00e0 la section <em>Couverture vaccinale des travailleurs de la sant\u00e9<\/em>, concernant notamment les modalit\u00e9s quant au d\u00e9pistage obligatoire.<\/p>\n<p><a href=\"https:\/\/santemc.quebec\/icentre\/?page_id=185406\" target=\"_blank\" rel=\"noopener\">Lire la Foire aux questions des employ\u00e9s.\u00a0<\/a><\/p>\n","protected":false},"excerpt":{"rendered":"<p>Des informations importantes ont \u00e9t\u00e9 ajout\u00e9es \u00e0 la section Couverture vaccinale des travailleurs de la sant\u00e9, concernant notamment les modalit\u00e9s quant au d\u00e9pistage obligatoire. Lire la Foire aux questions des employ\u00e9s.\u00a0<\/p>\n","protected":false},"author":33,"featured_media":0,"comment_status":"open","ping_status":"closed","sticky":false,"template":"","format":"standard","meta":{"footnotes":""},"categories":[1],"tags":[],"_links":{"self":[{"href":"https:\/\/santemc.quebec\/icentre\/wp-json\/wp\/v2\/posts\/199775"}],"collection":[{"href":"https:\/\/santemc.quebec\/icentre\/wp-json\/wp\/v2\/posts"}],"about":[{"href":"https:\/\/santemc.quebec\/icentre\/wp-json\/wp\/v2\/types\/post"}],"author":[{"embeddable":true,"href":"https:\/\/santemc.quebec\/icentre\/wp-json\/wp\/v2\/users\/33"}],"replies":[{"embeddable":true,"href":"https:\/\/santemc.quebec\/icentre\/wp-json\/wp\/v2\/comments?post=199775"}],"version-history":[{"count":3,"href":"https:\/\/santemc.quebec\/icentre\/wp-json\/wp\/v2\/posts\/199775\/revisions"}],"predecessor-version":[{"id":199778,"href":"https:\/\/santemc.quebec\/icentre\/wp-json\/wp\/v2\/posts\/199775\/revisions\/199778"}],"wp:attachment":[{"href":"https:\/\/santemc.quebec\/icentre\/wp-json\/wp\/v2\/media?parent=199775"}],"wp:term":[{"taxonomy":"category","embeddable":true,"href":"https:\/\/santemc.quebec\/icentre\/wp-json\/wp\/v2\/categories?post=199775"},{"taxonomy":"post_tag","embeddable":true,"href":"https:\/\/santemc.quebec\/icentre\/wp-json\/wp\/v2\/tags?post=199775"}],"curies":[{"name":"wp","href":"https:\/\/api.w.org\/{rel}","templated":true}]}}