{"id":199780,"date":"2021-11-22T17:24:39","date_gmt":"2021-11-22T22:24:39","guid":{"rendered":"https:\/\/santemc.quebec\/icentre\/?p=199780"},"modified":"2021-11-22T17:30:28","modified_gmt":"2021-11-22T22:30:28","slug":"un-edifice-nomme-en-lhonneur-de-docteur-jean-marc-lepage","status":"publish","type":"post","link":"https:\/\/santemc.quebec\/icentre\/un-edifice-nomme-en-lhonneur-de-docteur-jean-marc-lepage\/","title":{"rendered":"Un \u00e9difice nomm\u00e9 en l\u2019honneur de Docteur Jean-Marc Lepage"},"content":{"rendered":"<p><a href=\"https:\/\/santemc.quebec\/santemc\/icentre\/wp-content\/uploads\/2021\/11\/dr-lepage.png\"><img decoding=\"async\" loading=\"lazy\" class=\"alignleft size-medium wp-image-199785\" src=\"https:\/\/santemc.quebec\/santemc\/icentre\/wp-content\/uploads\/2021\/11\/dr-lepage-300x298.png\" alt=\"\" width=\"300\" height=\"298\" srcset=\"https:\/\/santemc.quebec\/santemc\/icentre\/wp-content\/uploads\/2021\/11\/dr-lepage-300x298.png 300w, https:\/\/santemc.quebec\/santemc\/icentre\/wp-content\/uploads\/2021\/11\/dr-lepage-150x150.png 150w, https:\/\/santemc.quebec\/santemc\/icentre\/wp-content\/uploads\/2021\/11\/dr-lepage-302x300.png 302w, https:\/\/santemc.quebec\/santemc\/icentre\/wp-content\/uploads\/2021\/11\/dr-lepage.png 517w\" sizes=\"(max-width: 300px) 100vw, 300px\" \/><\/a>C\u2019est avec fiert\u00e9 que nous accueillons l\u2019annonce d\u2019aujourd\u2019hui du gouvernement du Qu\u00e9bec de l\u2019implantation d\u2019un site d\u00e9localis\u00e9 de la Facult\u00e9 de m\u00e9decine et des sciences de la sant\u00e9 de l\u2019Universit\u00e9 de Sherbrooke sur le territoire du CISSS de la Mont\u00e9r\u00e9gie-Centre. En effet, d\u00e8s septembre 2022, notre \u00e9tablissement recevra dans ses murs le programme de formation m\u00e9dicale de l\u2019Universit\u00e9 de Sherbrooke permettant ainsi aux \u00e9tudiants en m\u00e9decine d\u2019effectuer leur parcours acad\u00e9mique dans des locaux situ\u00e9s en face de l\u2019H\u00f4pital Charles-Le Moyne (HCLM).<!--more--><\/p>\n<p>Pour cette nouvelle \u00e9tape dans l\u2019actualisation de sa mission d\u2019enseignement et de son affiliation avec l\u2019Universit\u00e9 de Sherbrooke, le CISSS de la Mont\u00e9r\u00e9gie-Centre souhaite rendre hommage \u00e0 l\u2019un des m\u00e9decins qui a pav\u00e9 la voie de l\u2019engagement acad\u00e9mique de l\u2019H\u00f4pital Charles-Le Moyne, le Dr Jean-Marc Lepage. En nommant, en son honneur, le b\u00e2timent dans lequel des activit\u00e9s d\u2019enseignement m\u00e9dical se d\u00e9rouleront, soit le 3141, boulevard Taschereau \u00e0 Longueuil.<\/p>\n<p>Le CISSS de la Mont\u00e9r\u00e9gie-Centre souhaite reconna\u00eetre de fa\u00e7on p\u00e9renne l\u2019h\u00e9ritage de cet homme remarquable dans l\u2019\u00e9volution de l\u2019HCLM et de sa communaut\u00e9 en nommant officiellement l\u2019\u00e9difice, le Pavillon Jean-Marc Lepage.<\/p>\n<p>Rappelons que Dr Lepage a \u0153uvr\u00e9 pendant plus de 50 ans \u00e0 l\u2019HCLM, principalement au D\u00e9partement de p\u00e9diatrie, o\u00f9 il a assist\u00e9 plus de 6\u2009000 accouchements. D\u00e9di\u00e9 \u00e0 la sant\u00e9 des femmes et passionn\u00e9 d\u2019obst\u00e9trique, il a aussi agi \u00e0 titre de pr\u00e9sident du CMDP durant 15 ann\u00e9es. Au fil des ans, il a activement particip\u00e9 \u00e0 plusieurs grands projets qui ont contribu\u00e9 \u00e0 fa\u00e7onner le visage de l\u2019H\u00f4pital: la construction du pavillon de psychiatrie, le projet d\u2019affiliation universitaire du centre hospitalier avec l\u2019Universit\u00e9 de Sherbrooke et dans sa mission acad\u00e9mique.<\/p>\n<p>D\u00e9c\u00e9d\u00e9 r\u00e9cemment, le Dr Lepage \u00e9tait reconnu pour son \u00e9coute, son contact humain. Il \u00e9tait un homme d\u00e9vou\u00e9, bienveillant, sensible, engag\u00e9 : un homme d\u2019exception.<\/p>\n","protected":false},"excerpt":{"rendered":"<p>C\u2019est avec fiert\u00e9 que nous accueillons l\u2019annonce d\u2019aujourd\u2019hui du gouvernement du Qu\u00e9bec de l\u2019implantation d\u2019un site d\u00e9localis\u00e9 de la Facult\u00e9 de m\u00e9decine et des sciences de la sant\u00e9 de l\u2019Universit\u00e9 de Sherbrooke sur le territoire du CISSS de la Mont\u00e9r\u00e9gie-Centre. &hellip; <a href=\"https:\/\/santemc.quebec\/icentre\/un-edifice-nomme-en-lhonneur-de-docteur-jean-marc-lepage\/\">Continuer la lecture <span class=\"meta-nav\">&rarr;<\/span><\/a><\/p>\n","protected":false},"author":1,"featured_media":0,"comment_status":"open","ping_status":"closed","sticky":false,"template":"","format":"standard","meta":{"footnotes":""},"categories":[1],"tags":[],"_links":{"self":[{"href":"https:\/\/santemc.quebec\/icentre\/wp-json\/wp\/v2\/posts\/199780"}],"collection":[{"href":"https:\/\/santemc.quebec\/icentre\/wp-json\/wp\/v2\/posts"}],"about":[{"href":"https:\/\/santemc.quebec\/icentre\/wp-json\/wp\/v2\/types\/post"}],"author":[{"embeddable":true,"href":"https:\/\/santemc.quebec\/icentre\/wp-json\/wp\/v2\/users\/1"}],"replies":[{"embeddable":true,"href":"https:\/\/santemc.quebec\/icentre\/wp-json\/wp\/v2\/comments?post=199780"}],"version-history":[{"count":3,"href":"https:\/\/santemc.quebec\/icentre\/wp-json\/wp\/v2\/posts\/199780\/revisions"}],"predecessor-version":[{"id":199786,"href":"https:\/\/santemc.quebec\/icentre\/wp-json\/wp\/v2\/posts\/199780\/revisions\/199786"}],"wp:attachment":[{"href":"https:\/\/santemc.quebec\/icentre\/wp-json\/wp\/v2\/media?parent=199780"}],"wp:term":[{"taxonomy":"category","embeddable":true,"href":"https:\/\/santemc.quebec\/icentre\/wp-json\/wp\/v2\/categories?post=199780"},{"taxonomy":"post_tag","embeddable":true,"href":"https:\/\/santemc.quebec\/icentre\/wp-json\/wp\/v2\/tags?post=199780"}],"curies":[{"name":"wp","href":"https:\/\/api.w.org\/{rel}","templated":true}]}}